{"id":13995,"date":"2010-11-02T14:55:47","date_gmt":"2010-11-02T14:55:47","guid":{"rendered":"http:\/\/archiv.szolnoktv.hu\/?p=13995"},"modified":"2021-08-25T09:36:57","modified_gmt":"2021-08-25T09:36:57","slug":"rezidensek-a-hetenyiben-video","status":"publish","type":"post","link":"http:\/\/archiv.szolnoktv.hu\/?p=13995","title":{"rendered":"Rezidensek a Het\u00e9nyiben + VIDE\u00d3"},"content":{"rendered":"<div class='booster-block booster-read-block'><\/div><p>Keddt\u0151l 8 rezidens seg\u00edti az orvosok munk\u00e1j\u00e1t a Het\u00e9nyi G\u00e9za K\u00f3rh\u00e1zban. A fiatal orvosok nem v\u00e9letlen\u00fcl v\u00e1lasztott\u00e1k a szolnoki int\u00e9zm\u00e9nyt, a 26 h\u00f3napos k\u00e9pz\u00e9st k\u00f6vet\u0151en is maradn\u00e1nak a k\u00f3rh\u00e1zban. A Het\u00e9nyi G\u00e9za K\u00f3rh\u00e1z rezidensk\u00e9pz\u00e9s\u00e9re 41 p\u00e1ly\u00e1zat \u00e9rkezett. Keddt\u0151l 8 rezidens seg\u00edti az orvosok munk\u00e1j\u00e1t a Het\u00e9nyi G\u00e9za K\u00f3rh\u00e1zban. N\u00e9gyen k\u00f6z\u00fcl\u00fck a belgy\u00f3gy\u00e1szaton t\u00f6ltik a rezidensk\u00e9pz\u00e9st, ketten a gyermekoszt\u00e1lyon, egy orvos a belgy\u00f3gy\u00e1szaton, egy pedig az ortop\u00e9di\u00e1n l\u00e1tott munk\u00e1hoz. A fiatal rezidensek k\u00f6z\u00fcl \u00f6ten szolnokiak, h\u00e1rman pedig a gyakorlati idej\u00fck alatt szereztek kellemes tapasztalatot a szolnoki k\u00f3rh\u00e1zr\u00f3l. A fiatal orvosok nem v\u00e9letlen\u00fcl v\u00e1lasztott\u00e1k a szolnoki int\u00e9zm\u00e9nyt, a 26 h\u00f3napos k\u00e9pz\u00e9st k\u00f6vet\u0151en is maradn\u00e1nak a k\u00f3rh\u00e1zban. A Het\u00e9nyi G\u00e9za K\u00f3rh\u00e1z rezidensk\u00e9pz\u00e9s\u00e9re 41 p\u00e1ly\u00e1zat \u00e9rkezett.<\/p>\n<div style=\"width: 640px;\" class=\"wp-video\"><!--[if lt IE 9]><script>document.createElement('video');<\/script><![endif]-->\n<video class=\"wp-video-shortcode\" id=\"video-13995-1\" width=\"640\" height=\"360\" preload=\"metadata\" controls=\"controls\"><source type=\"video\/mp4\" src=\"\/spots\/hir\/hir_101102_01.mp4?_=1\" \/><a href=\"\/spots\/hir\/hir_101102_01.mp4\">\/spots\/hir\/hir_101102_01.mp4<\/a><\/video><\/div>\n","protected":false},"excerpt":{"rendered":"<p>Keddt\u0151l 8 rezidens seg\u00edti az orvosok munk\u00e1j\u00e1t a Het\u00e9nyi G\u00e9za K\u00f3rh\u00e1zban. A fiatal orvosok nem v\u00e9letlen\u00fcl v\u00e1lasztott\u00e1k a szolnoki int\u00e9zm\u00e9nyt, a 26 h\u00f3napos k\u00e9pz\u00e9st k\u00f6vet\u0151en is maradn\u00e1nak a k\u00f3rh\u00e1zban. A Het\u00e9nyi G\u00e9za K\u00f3rh\u00e1z rezidensk\u00e9pz\u00e9s\u00e9re 41 p\u00e1ly\u00e1zat \u00e9rkezett. Keddt\u0151l 8 rezidens seg\u00edti az orvosok munk\u00e1j\u00e1t a Het\u00e9nyi G\u00e9za K\u00f3rh\u00e1zban. N\u00e9gyen k\u00f6z\u00fcl\u00fck a belgy\u00f3gy\u00e1szaton t\u00f6ltik a rezidensk\u00e9pz\u00e9st, [&hellip;]<\/p>\n","protected":false},"author":2,"featured_media":0,"comment_status":"closed","ping_status":"closed","sticky":false,"template":"","format":"standard","meta":[],"categories":[15],"tags":[],"_links":{"self":[{"href":"http:\/\/archiv.szolnoktv.hu\/index.php?rest_route=\/wp\/v2\/posts\/13995"}],"collection":[{"href":"http:\/\/archiv.szolnoktv.hu\/index.php?rest_route=\/wp\/v2\/posts"}],"about":[{"href":"http:\/\/archiv.szolnoktv.hu\/index.php?rest_route=\/wp\/v2\/types\/post"}],"author":[{"embeddable":true,"href":"http:\/\/archiv.szolnoktv.hu\/index.php?rest_route=\/wp\/v2\/users\/2"}],"replies":[{"embeddable":true,"href":"http:\/\/archiv.szolnoktv.hu\/index.php?rest_route=%2Fwp%2Fv2%2Fcomments&post=13995"}],"version-history":[{"count":4,"href":"http:\/\/archiv.szolnoktv.hu\/index.php?rest_route=\/wp\/v2\/posts\/13995\/revisions"}],"predecessor-version":[{"id":15028,"href":"http:\/\/archiv.szolnoktv.hu\/index.php?rest_route=\/wp\/v2\/posts\/13995\/revisions\/15028"}],"wp:attachment":[{"href":"http:\/\/archiv.szolnoktv.hu\/index.php?rest_route=%2Fwp%2Fv2%2Fmedia&parent=13995"}],"wp:term":[{"taxonomy":"category","embeddable":true,"href":"http:\/\/archiv.szolnoktv.hu\/index.php?rest_route=%2Fwp%2Fv2%2Fcategories&post=13995"},{"taxonomy":"post_tag","embeddable":true,"href":"http:\/\/archiv.szolnoktv.hu\/index.php?rest_route=%2Fwp%2Fv2%2Ftags&post=13995"}],"curies":[{"name":"wp","href":"https:\/\/api.w.org\/{rel}","templated":true}]}}