{"id":11077,"date":"2018-12-28T18:07:16","date_gmt":"2018-12-28T18:07:16","guid":{"rendered":"http:\/\/archiv.szolnoktv.hu\/?p=11077"},"modified":"2021-08-14T18:05:03","modified_gmt":"2021-08-14T18:05:03","slug":"ellenzeki-sajtotajekoztato","status":"publish","type":"post","link":"http:\/\/archiv.szolnoktv.hu\/?p=11077","title":{"rendered":"Ellenz\u00e9ki sajt\u00f3t\u00e1j\u00e9koztat\u00f3"},"content":{"rendered":"<div class='booster-block booster-read-block'><\/div><p>K\u00f6z\u00f6s nevez\u0151n az ellenz\u00e9k. \u00cdgy defini\u00e1lt\u00e1k sajt\u00f3t\u00e1j\u00e9koztat\u00f3juk l\u00e9nyeg\u00e9t a Kossuth t\u00e9ren gy\u00fclekez\u0151k. A Jobbik nev\u00e9ben Dr. Csik\u00f3s Attila, a szolnoki alapszervezet eln\u00f6ke hangs\u00falyozta, a k\u00f6zelm\u00faltban elfogadott t\u00fal\u00f3rat\u00f6rv\u00e9ny kapcs\u00e1n elmaradt a korm\u00e1ny \u00e1ltal rendszeres\u00edtett nemzeti konzult\u00e1ci\u00f3 \u00e9s a szakszervezetekkel sem egyeztettek. Elfogadhatatlan a gyakorlat a Momentum sz\u00e1m\u00e1ra is, mely \u00f6tpontos pet\u00edci\u00f3j\u00e1val sz\u00f3l\u00edtotta k\u00f6z\u00f6s fell\u00e9p\u00e9sre az ellenz\u00e9ki p\u00e1rtokat. Szekeres \u00c9va szerint 2019 az ellen\u00e1ll\u00e1s \u00e9ve lesz: &#8211; &#8220;K\u00f6vetelj\u00fck a rabszolgat\u00f6rv\u00e9ny azonnali visszavon\u00e1s\u00e1t, k\u00f6vetelj\u00fck a rend\u0151r\u00f6knek a kevesebb t\u00fal\u00f3r\u00e1t, k\u00f6vetelj\u00fck a f\u00fcggetlen b\u00edr\u00f3s\u00e1gokat, f\u00fcggetlen eur\u00f3pai \u00fcgy\u00e9szs\u00e9get, f\u00fcggetlen k\u00f6zm\u00e9di\u00e1t.&#8221;<\/p>\n<p>A Szolnok V\u00e1ros Fejl\u0151d\u00e9s\u00e9\u00e9rt Egyes\u00fclet eln\u00f6ke, Ligeti J\u00f3zsef arr\u00f3l besz\u00e9lt, a civilek t\u00f6bbs\u00e9ge is egyet\u00e9rt az ellenz\u00e9k v\u00e9lem\u00e9ny\u00e9vel. &#8220;A harc csak most kezd\u0151dik&#8221; &#8211; fogalmazott az LMP megyei eln\u00f6ke. <\/p>\n<p>&#8211; &#8220;Elfogadhatatlannak tartjuk, hogy a magyar munkav\u00e1llal\u00f3kkal szemben hoznak t\u00f6rv\u00e9nyeket az Orb\u00e1n korm\u00e1nyban. J\u00f3l l\u00e1tszik- nem csak az ellenz\u00e9ki, hanem a korm\u00e1nyp\u00e1rti szavaz\u00f3kat is el\u00e1rulta a Fidesz.&#8221; &#8211; tette hozz\u00e1 T\u00f3th \u00c1ron.<\/p>\n<p>Az MSZP v\u00e1rosi eln\u00f6ke, Gy\u00f6rfi Mih\u00e1ly \u00fagy v\u00e9li, mindenki hangot adhat el\u00e9gedetlens\u00e9g\u00e9nek, ez\u00e9rt a szocialist\u00e1k janu\u00e1r 5-\u00e9n, 15 \u00f3r\u00e1t\u00f3l a Tiszai Haj\u00f3sok ter\u00e9n k\u00f6z\u00f6s tiltakoz\u00f3 akci\u00f3t szervez &#8211; hangzott el a sajt\u00f3t\u00e1j\u00e9koztat\u00f3n.<\/p>\n<p>A gazdas\u00e1g \u00f6sszeoml\u00e1s\u00e1t, a b\u00e9rek stagn\u00e1l\u00e1s\u00e1t, az oktat\u00e1si rendszer \u00e9s az eg\u00e9szs\u00e9g\u00fcgyi ell\u00e1t\u00f3 h\u00e1l\u00f3zat cs\u0151dj\u00e9t j\u00f3solta kor\u00e1bban az az ellenz\u00e9k, mely most \u00f6sszefog\u00e1st s\u00fcrget &#8211; reag\u00e1lt a sajt\u00f3t\u00e1j\u00e9koztat\u00f3n elhangzottakra a Fidesz megyei eln\u00f6ke. Szalay Ferenc hangs\u00falyozta, a megyesz\u00e9khely fejl\u0151d\u00e9s\u00e9t is akad\u00e1lyozz\u00e1k a r\u00e9mh\u00edrek, az alaptalan v\u00e1dak, melyek a legt\u00f6bb esetben minden alapot n\u00e9lk\u00fcl\u00f6znek.<\/p>\n<p>&#8211; &#8220;Igaz\u00e1b\u00f3l nem \u00f6sszefog\u00e1sr\u00f3l van sz\u00f3, hanem arr\u00f3l van sz\u00f3, hogy az ellenz\u00e9k m\u00e9g mindig nem tudott megbar\u00e1tkozni a gondolattal, hogy elvesz\u00edtette a v\u00e1laszt\u00e1st. Gyakorlatilag semmi m\u00e1s nem \u00e9rdekli \u0151ket, csak az, hogy a hatalmat magukhoz ragadj\u00e1k \u00e9s minden eszk\u00f6zt f\u00f6lhaszn\u00e1lnak erre. Hazugs\u00e1g amit besz\u00e9lnek, hiszen a t\u00fal\u00f3ra t\u00f6rv\u00e9nyn\u00e9l senkit nem lehet k\u00e9nyszer\u00edteni arra, hogy t\u00fal\u00f3r\u00e1ba vigy\u00e9k, senkit nem lehet arra, hogy saj\u00e1t d\u00f6nt\u00e9se ellen\u00e9re elv\u00e1llalja a t\u00fal\u00f3r\u00e1t. Az sem igaz, hogy nem fizetik ki a t\u00fal\u00f3r\u00e1t- a t\u00fal\u00f3r\u00e1t a h\u00f3nap v\u00e9g\u00e9re ki kell fizetni \u00e9s az sem igaz, hogy h\u00e1rom \u00e9v ut\u00e1n kell csak kifizetni. De mit is v\u00e1rhat ezekt\u0151l az emberekt\u0151l akik 2006- ra az orsz\u00e1got elad\u00f3s\u00edtott\u00e1k, cs\u0151dbe vitt\u00e9k, 12% volt a munkan\u00e9lk\u00fclis\u00e9g, elvettek egy havi nyugd\u00edjat, elvettek egy havi k\u00f6zalkalmazotti b\u00e9rt. Szolnok v\u00e1ros\u00e1ban 2010- re k\u00e9t- \u00e9s f\u00e9l milli\u00e1rd forint volt a v\u00e1ros elad\u00f3sodotts\u00e1ga. Azt kell mondanom olyan emberek \u00e1llnak most ki a kamera el\u00e9 \u00f6sszefog\u00e1sr\u00f3l besz\u00e9lni akik eddig az orsz\u00e1gnak csak \u00e1rtottak, a v\u00e1rosnak csak \u00e1rtottak.&#8221; &#8211; sz\u00f6gezte le a politikus.<\/p>\n<div style=\"width: 640px;\" class=\"wp-video\"><!--[if lt IE 9]><script>document.createElement('video');<\/script><![endif]-->\n<video class=\"wp-video-shortcode\" id=\"video-11077-1\" width=\"640\" height=\"360\" preload=\"metadata\" controls=\"controls\"><source type=\"video\/mp4\" src=\"\/spots\/hir\/hir_181228_08.mp4?_=1\" \/><a href=\"\/spots\/hir\/hir_181228_08.mp4\">\/spots\/hir\/hir_181228_08.mp4<\/a><\/video><\/div>\n","protected":false},"excerpt":{"rendered":"<p>K\u00f6z\u00f6s nevez\u0151n az ellenz\u00e9k. \u00cdgy defini\u00e1lt\u00e1k sajt\u00f3t\u00e1j\u00e9koztat\u00f3juk l\u00e9nyeg\u00e9t a Kossuth t\u00e9ren gy\u00fclekez\u0151k. A Jobbik nev\u00e9ben Dr. Csik\u00f3s Attila, a szolnoki alapszervezet eln\u00f6ke hangs\u00falyozta, a k\u00f6zelm\u00faltban elfogadott t\u00fal\u00f3rat\u00f6rv\u00e9ny kapcs\u00e1n elmaradt a korm\u00e1ny \u00e1ltal rendszeres\u00edtett nemzeti konzult\u00e1ci\u00f3 \u00e9s a szakszervezetekkel sem egyeztettek. Elfogadhatatlan a gyakorlat a Momentum sz\u00e1m\u00e1ra is, mely \u00f6tpontos pet\u00edci\u00f3j\u00e1val sz\u00f3l\u00edtotta k\u00f6z\u00f6s fell\u00e9p\u00e9sre az ellenz\u00e9ki [&hellip;]<\/p>\n","protected":false},"author":2,"featured_media":0,"comment_status":"closed","ping_status":"closed","sticky":false,"template":"","format":"standard","meta":[],"categories":[9],"tags":[],"_links":{"self":[{"href":"http:\/\/archiv.szolnoktv.hu\/index.php?rest_route=\/wp\/v2\/posts\/11077"}],"collection":[{"href":"http:\/\/archiv.szolnoktv.hu\/index.php?rest_route=\/wp\/v2\/posts"}],"about":[{"href":"http:\/\/archiv.szolnoktv.hu\/index.php?rest_route=\/wp\/v2\/types\/post"}],"author":[{"embeddable":true,"href":"http:\/\/archiv.szolnoktv.hu\/index.php?rest_route=\/wp\/v2\/users\/2"}],"replies":[{"embeddable":true,"href":"http:\/\/archiv.szolnoktv.hu\/index.php?rest_route=%2Fwp%2Fv2%2Fcomments&post=11077"}],"version-history":[{"count":1,"href":"http:\/\/archiv.szolnoktv.hu\/index.php?rest_route=\/wp\/v2\/posts\/11077\/revisions"}],"predecessor-version":[{"id":11080,"href":"http:\/\/archiv.szolnoktv.hu\/index.php?rest_route=\/wp\/v2\/posts\/11077\/revisions\/11080"}],"wp:attachment":[{"href":"http:\/\/archiv.szolnoktv.hu\/index.php?rest_route=%2Fwp%2Fv2%2Fmedia&parent=11077"}],"wp:term":[{"taxonomy":"category","embeddable":true,"href":"http:\/\/archiv.szolnoktv.hu\/index.php?rest_route=%2Fwp%2Fv2%2Fcategories&post=11077"},{"taxonomy":"post_tag","embeddable":true,"href":"http:\/\/archiv.szolnoktv.hu\/index.php?rest_route=%2Fwp%2Fv2%2Ftags&post=11077"}],"curies":[{"name":"wp","href":"https:\/\/api.w.org\/{rel}","templated":true}]}}