{"id":11070,"date":"2018-12-27T17:17:11","date_gmt":"2018-12-27T17:17:11","guid":{"rendered":"http:\/\/archiv.szolnoktv.hu\/?p=11070"},"modified":"2021-08-14T18:05:04","modified_gmt":"2021-08-14T18:05:04","slug":"vasarlas-utan-csere","status":"publish","type":"post","link":"http:\/\/archiv.szolnoktv.hu\/?p=11070","title":{"rendered":"V\u00e1s\u00e1rl\u00e1s ut\u00e1n csere<br>"},"content":{"rendered":"<div class='booster-block booster-read-block'><\/div><p>T\u00fal kicsi-t\u00fal nagy, nagyon vil\u00e1gos vagy s\u00f6t\u00e9t. Ezek a legjellemz\u0151bb \u00e9rvek a kar\u00e1csonykor kapott meglepet\u00e9sek cser\u00e9j\u00e9re. Az \u00fcnnepek el\u0151tti rohan\u00e1s ut\u00e1n megkezd\u0151d\u00f6tt a term\u00e9kek vissza vitel\u00e9nek szezonja, azonban a v\u00e1llalkoz\u00e1sok, c\u00e9gek, illetve \u00fczletek nem minden esetben k\u00f6telesek a csere lehet\u0151s\u00e9g\u00e9t felaj\u00e1nlani. <\/p>\n<p> -Hogyha a term\u00e9k egy\u00e9bk\u00e9nt hib\u00e1tlan \u00e9s csak arr\u00f3l besz\u00e9l\u00fcnk, hogy a sz\u00edne miatt, vagy mert kett\u0151 lett bel\u0151le, esetleg egyszer\u0171en csak nem szerett\u00e9k volna- ha hib\u00e1tlan a term\u00e9k akkor azt kell elfogadnunk amit nek\u00fcnk az \u00fczlet mondd. Teh\u00e1t ha azt mondj\u00e1k, hogy nincs semmi akad\u00e1lya \u00f6r\u00fclj\u00fcnk neki. De ha azt mondj\u00e1k, hogy a rendszer\u00fck nem alkalmas r\u00e1, akkor nem tudunk mit tenni.&#8221; &#8211; mondta Dr. Lipt\u00e1k Gergely a JNSZ Megyei Korm\u00e1nyhivatal fogyszat\u00f3v\u00e9delmi oszt\u00e1lyvezet\u0151je. <\/p>\n<p>Az \u00fczleteket minden eseteben blokkal, valamint a v\u00e1s\u00e1rl\u00e1st igazol\u00f3 nyugt\u00e1val aj\u00e1nlott felkeresni. A jogszab\u00e1lyok szerint a hib\u00e1s \u00e9s 10 ezer forint f\u00f6l\u00f6tt v\u00e1s\u00e1rolt- jellemz\u0151en elektronikai cikkeket- az \u00e1rus\u00edt\u00f3k h\u00e1rom munkanapon bel\u00fcl k\u00f6telesek hib\u00e1tlan term\u00e9kre cser\u00e9lni.<\/p>\n<p> -Ha most der\u00fclt ki \u00fcnnepek alatt, hogy ezekkel valami nem stimmel, itt \u00e9l a h\u00e1rom munkanapos k\u00f6telez\u0151 csere. Teh\u00e1t hangs\u00falyozom munkanapon bel\u00fcl, azt cser\u00e9lni kell egy j\u00f3 term\u00e9kre. Itt szerencs\u00e9nk van olyan szempontb\u00f3l, hogy hossz\u00fa h\u00e9tv\u00e9g\u00e9s \u00fcnnepek voltak, teh\u00e1t, aki 20-21-\u00e9n v\u00e1s\u00e1rolt \u00e9s akkor r\u00f6gt\u00f6n nem is n\u00e9zte meg az \u00fcnnepek ut\u00e1n 27-28-\u00e1n m\u00e9g a h\u00e1rom munkanapban benne lesz.&#8221;- tette hozz\u00e1 Dr. Lipt\u00e1k Gergely.<\/p>\n<p>A kar\u00e1csonyi aj\u00e1nd\u00e9kokat \u00e9vr\u0151l-\u00e9vre egyre t\u00f6bben szerzik be valamilyen web\u00e1ruh\u00e1zb\u00f3l. Az internetr\u0151l v\u00e1s\u00e1rolt term\u00e9keket az \u00e1tv\u00e9tel ut\u00e1n sz\u00e1m\u00edtott 14 napon bel\u00fcl kell visszak\u00fcldenie a v\u00e1s\u00e1rl\u00f3knak.<br \/>\n<br \/>\n<div style=\"width: 640px;\" class=\"wp-video\"><!--[if lt IE 9]><script>document.createElement('video');<\/script><![endif]-->\n<video class=\"wp-video-shortcode\" id=\"video-11070-1\" width=\"640\" height=\"360\" preload=\"metadata\" controls=\"controls\"><source type=\"video\/mp4\" src=\"\/spots\/hir\/hir_181227_05.mp4?_=1\" \/><a href=\"\/spots\/hir\/hir_181227_05.mp4\">\/spots\/hir\/hir_181227_05.mp4<\/a><\/video><\/div><\/p>\n","protected":false},"excerpt":{"rendered":"<p>T\u00fal kicsi-t\u00fal nagy, nagyon vil\u00e1gos vagy s\u00f6t\u00e9t. Ezek a legjellemz\u0151bb \u00e9rvek a kar\u00e1csonykor kapott meglepet\u00e9sek cser\u00e9j\u00e9re. Az \u00fcnnepek el\u0151tti rohan\u00e1s ut\u00e1n megkezd\u0151d\u00f6tt a term\u00e9kek vissza vitel\u00e9nek szezonja, azonban a v\u00e1llalkoz\u00e1sok, c\u00e9gek, illetve \u00fczletek nem minden esetben k\u00f6telesek a csere lehet\u0151s\u00e9g\u00e9t felaj\u00e1nlani. -Hogyha a term\u00e9k egy\u00e9bk\u00e9nt hib\u00e1tlan \u00e9s csak arr\u00f3l besz\u00e9l\u00fcnk, hogy a sz\u00edne miatt, vagy [&hellip;]<\/p>\n","protected":false},"author":2,"featured_media":0,"comment_status":"closed","ping_status":"closed","sticky":false,"template":"","format":"standard","meta":[],"categories":[9],"tags":[],"_links":{"self":[{"href":"http:\/\/archiv.szolnoktv.hu\/index.php?rest_route=\/wp\/v2\/posts\/11070"}],"collection":[{"href":"http:\/\/archiv.szolnoktv.hu\/index.php?rest_route=\/wp\/v2\/posts"}],"about":[{"href":"http:\/\/archiv.szolnoktv.hu\/index.php?rest_route=\/wp\/v2\/types\/post"}],"author":[{"embeddable":true,"href":"http:\/\/archiv.szolnoktv.hu\/index.php?rest_route=\/wp\/v2\/users\/2"}],"replies":[{"embeddable":true,"href":"http:\/\/archiv.szolnoktv.hu\/index.php?rest_route=%2Fwp%2Fv2%2Fcomments&post=11070"}],"version-history":[{"count":1,"href":"http:\/\/archiv.szolnoktv.hu\/index.php?rest_route=\/wp\/v2\/posts\/11070\/revisions"}],"predecessor-version":[{"id":11087,"href":"http:\/\/archiv.szolnoktv.hu\/index.php?rest_route=\/wp\/v2\/posts\/11070\/revisions\/11087"}],"wp:attachment":[{"href":"http:\/\/archiv.szolnoktv.hu\/index.php?rest_route=%2Fwp%2Fv2%2Fmedia&parent=11070"}],"wp:term":[{"taxonomy":"category","embeddable":true,"href":"http:\/\/archiv.szolnoktv.hu\/index.php?rest_route=%2Fwp%2Fv2%2Fcategories&post=11070"},{"taxonomy":"post_tag","embeddable":true,"href":"http:\/\/archiv.szolnoktv.hu\/index.php?rest_route=%2Fwp%2Fv2%2Ftags&post=11070"}],"curies":[{"name":"wp","href":"https:\/\/api.w.org\/{rel}","templated":true}]}}