{"id":11069,"date":"2018-12-27T17:08:05","date_gmt":"2018-12-27T17:08:05","guid":{"rendered":"http:\/\/archiv.szolnoktv.hu\/?p=11069"},"modified":"2021-08-14T18:05:04","modified_gmt":"2021-08-14T18:05:04","slug":"a-szolgalatban-levoket-latogattak-meg","status":"publish","type":"post","link":"http:\/\/archiv.szolnoktv.hu\/?p=11069","title":{"rendered":"A szolg\u00e1latban l\u00e9v\u0151ket l\u00e1togatt\u00e1k meg"},"content":{"rendered":"<div class='booster-block booster-read-block'><\/div><p>Reggel 8 \u00f3rakor a M\u00c1V K\u00f3rh\u00e1zban dolgoz\u00f3 orvosokat \u00e9s \u00e1pol\u00f3kat k\u00f6sz\u00f6nt\u00f6tt\u00e9k el\u0151sz\u00f6r. A k\u00f6vetkez\u0151 \u00e1llom\u00e1s a V\u00e1rosi Rend\u0151rkapit\u00e1nys\u00e1g volt, ahol a rend\u0151rs\u00e9ggel egy\u00fctt m\u0171k\u00f6d\u0151 polg\u00e1r\u0151rs\u00e9get \u00e9s a k\u00f6zter\u00fclet-fel\u00fcgyel\u0151ket is k\u00f6sz\u00f6nt\u00f6tt\u00e9k. Innen a Ment\u0151\u00e1llom\u00e1sra vezetett az \u00fatjuk, ahol bepillant\u00e1st nyertek a telefonos k\u00f6zpont munk\u00e1j\u00e1ba is. Ebben Perj\u00e9si Attila ment\u00e9s vezet\u0151 volt seg\u00edts\u00e9g\u00fckre.<\/p>\n<p>-Innen \u00d6n megk\u00e9rdezi a beteget vagy aki ott van mellette. Igen, az\u00e9rt vagyunk itt, hogy k\u00e9rdezz\u00fcnk \u00e9s akkor eleve \u00fagy k\u00fcldj\u00fck az aut\u00f3t. S\u0151t, telefonos seg\u00edts\u00e9gny\u00fajt\u00e1st is azonnal tudunk. P\u00e9ld\u00e1ul most is a reanim\u00e1ci\u00f3ba, teh\u00e1t az \u00fajra\u00e9leszt\u00e9sben a hozz\u00e1tartoz\u00f3t \u00fagymond koordin\u00e1ltuk, mit csin\u00e1ljon addig m\u00e9g ki\u00e9r a ment\u0151egys\u00e9g\u00fcnk.&#8221;<\/p>\n<p>Szenteste napj\u00e1n a telefonos k\u00f6zpont munkat\u00e1rsain k\u00edv\u00fcl \u00f6sszesen 31 ment\u0151kocsi \u00e9s azok szakszem\u00e9lyzete volt szolg\u00e1latban. A vas\u00fat\u00e1llom\u00e1s pedig \u00f6sszesen 32-en dolgoztak. Itt Dr. Cso\u00f3r Gy\u00f6rgy k\u00f6sz\u00f6nt\u00f6tte a szolg\u00e1latot teljes\u00edt\u0151 M\u00c1V dolgoz\u00f3kat.<\/p>\n<p>-\u00daj vend\u00e9ggel, aleln\u00f6k asszonnyal j\u00f6tt\u00fcnk, \u00fagy hogy ez egy ismerked\u00e9s is a r\u00e9sz\u00e9r\u0151l meg \u00fagy gondolom, hogy egy nagy \u00e9lm\u00e9ny, hogy l\u00e1tja a szolg\u00e1latban l\u00e9v\u0151 szervezetek hogyan dolgoznak m\u00e9g Kar\u00e1csony, szent este napj\u00e1n is. \u00dagy gondolom, hogy ez a szervezet a M\u00c1V is.&#8221;<\/p>\n<p>A Szolnoki Katasztr\u00f3fav\u00e9delmi Kirendelts\u00e9gen is szolg\u00e1latra k\u00e9szen v\u00e1rakoztak. Feladatuk a megye lakoss\u00e1g\u00e1nak \u00e9let  &#8211;   \u00e9s vagyonbiztons\u00e1g\u00e1nak meg\u0151rz\u00e9se, melyre az \u00e9v minden napj\u00e1n sz\u00fcks\u00e9g van. A kirendelts\u00e9g vezet\u0151je F\u00f6ldi Zsolt megk\u00f6sz\u00f6nte az \u00f6nkorm\u00e1nyzat t\u00e1mogat\u00e1s\u00e1t \u00e9s a kar\u00e1csonyi aj\u00e1nd\u00e9kcsomagot. <\/p>\n<p>-Polg\u00e1rmester \u00far, akkor a teljes kirendelts\u00e9g szemin\u00e1riuma nev\u00e9ben szeretn\u00e9nk megk\u00f6sz\u00f6nni az elm\u00falt id\u0151szak t\u00e1mogat\u00e1sait, illetve, mivel \u00e9n m\u00e9g \u00faj vagyok ezen a ter\u00fcleten \u00fagy gondolom a j\u00f6v\u0151ben is a tov\u00e1bbi kapcsolatunk is a megfelel\u0151 m\u00f3don fog alakulni \u00e9s k\u00f6sz\u00f6n\u00f6m sz\u00e9pen, hogy ilyen m\u00f3don elismeri a koll\u00e9g\u00e1im munk\u00e1j\u00e1t.&#8221; <\/p>\n<p>Szalay Ferenc m\u00e1r hossz\u00fa \u00e9vek \u00f3ta minden december 24-\u00e9n megl\u00e1togatja azokat, akik az esztend\u0151 ezen id\u0151szak\u00e1ban is dolgoznak, l\u00e1tnak el olyan feladatot, mely a v\u00e1ros, a megye lak\u00f3inak biztons\u00e1g\u00e1t, eg\u00e9szs\u00e9g\u00e9t szolg\u00e1lja.<\/p>\n<p>-Ebben a v\u00e1rosban egy\u00fctt \u00e9l\u00fcnk, az \u00e9let\u00fcnk az \u00e9v minden napj\u00e1ban egym\u00e1shoz k\u00f6t\u0151dik \u00e9s ilyenkor egy apr\u00f3 kis figyelmess\u00e9ggel szeretn\u00e9nk nekik megk\u00f6sz\u00f6nni ezt a nagyon komoly munk\u00e1t, k\u00fcl\u00f6n\u00f6sen az\u00e9rt, mert nem csal\u00e1djaikkal vannak. Teh\u00e1t ilyenkor a nagyobb csal\u00e1djaikkal, mondjuk a vas\u00fattal, mondjuk a honv\u00e9ds\u00e9ggel vannak egy\u00fctt, otthon pedig v\u00e1rj\u00e1k \u0151ket. Azt\u00e1n persze \u0151k is haza mennek, de szeretn\u00e9nk azt tudatni vel\u00fck, hogy egy\u00fctt vagyunk, egy\u00fctt gondolkodunk vel\u00fck \u00e9s h\u00e1t \u00e9s ez a szeretet csak-csak  \u00f6sszek\u00f6t minket rendesen m\u00e1r hossz\u00fa \u00e9vek \u00f3ta.&#8221;<\/p>\n<p>A polg\u00e1rmester \u00e9s az aleln\u00f6k\u00f6k a Het\u00e9nyi G\u00e9za K\u00f3rh\u00e1zba, a Helikopterb\u00e1zisra \u00e9s a B\u00fcntet\u00e9s-v\u00e9grehajt\u00e1si int\u00e9zetbe is elvitt\u00e9k kar\u00e1csonyi aj\u00e1nd\u00e9kukat.<br \/>\n<br \/>\n<div style=\"width: 640px;\" class=\"wp-video\"><!--[if lt IE 9]><script>document.createElement('video');<\/script><![endif]-->\n<video class=\"wp-video-shortcode\" id=\"video-11069-1\" width=\"640\" height=\"360\" preload=\"metadata\" controls=\"controls\"><source type=\"video\/mp4\" src=\"\/spots\/hir\/hir_181227_04.mp4?_=1\" \/><a href=\"\/spots\/hir\/hir_181227_04.mp4\">\/spots\/hir\/hir_181227_04.mp4<\/a><\/video><\/div><\/p>\n","protected":false},"excerpt":{"rendered":"<p>Reggel 8 \u00f3rakor a M\u00c1V K\u00f3rh\u00e1zban dolgoz\u00f3 orvosokat \u00e9s \u00e1pol\u00f3kat k\u00f6sz\u00f6nt\u00f6tt\u00e9k el\u0151sz\u00f6r. A k\u00f6vetkez\u0151 \u00e1llom\u00e1s a V\u00e1rosi Rend\u0151rkapit\u00e1nys\u00e1g volt, ahol a rend\u0151rs\u00e9ggel egy\u00fctt m\u0171k\u00f6d\u0151 polg\u00e1r\u0151rs\u00e9get \u00e9s a k\u00f6zter\u00fclet-fel\u00fcgyel\u0151ket is k\u00f6sz\u00f6nt\u00f6tt\u00e9k. Innen a Ment\u0151\u00e1llom\u00e1sra vezetett az \u00fatjuk, ahol bepillant\u00e1st nyertek a telefonos k\u00f6zpont munk\u00e1j\u00e1ba is. Ebben Perj\u00e9si Attila ment\u00e9s vezet\u0151 volt seg\u00edts\u00e9g\u00fckre. -Innen \u00d6n megk\u00e9rdezi a [&hellip;]<\/p>\n","protected":false},"author":2,"featured_media":0,"comment_status":"closed","ping_status":"closed","sticky":false,"template":"","format":"standard","meta":[],"categories":[9],"tags":[],"_links":{"self":[{"href":"http:\/\/archiv.szolnoktv.hu\/index.php?rest_route=\/wp\/v2\/posts\/11069"}],"collection":[{"href":"http:\/\/archiv.szolnoktv.hu\/index.php?rest_route=\/wp\/v2\/posts"}],"about":[{"href":"http:\/\/archiv.szolnoktv.hu\/index.php?rest_route=\/wp\/v2\/types\/post"}],"author":[{"embeddable":true,"href":"http:\/\/archiv.szolnoktv.hu\/index.php?rest_route=\/wp\/v2\/users\/2"}],"replies":[{"embeddable":true,"href":"http:\/\/archiv.szolnoktv.hu\/index.php?rest_route=%2Fwp%2Fv2%2Fcomments&post=11069"}],"version-history":[{"count":1,"href":"http:\/\/archiv.szolnoktv.hu\/index.php?rest_route=\/wp\/v2\/posts\/11069\/revisions"}],"predecessor-version":[{"id":11088,"href":"http:\/\/archiv.szolnoktv.hu\/index.php?rest_route=\/wp\/v2\/posts\/11069\/revisions\/11088"}],"wp:attachment":[{"href":"http:\/\/archiv.szolnoktv.hu\/index.php?rest_route=%2Fwp%2Fv2%2Fmedia&parent=11069"}],"wp:term":[{"taxonomy":"category","embeddable":true,"href":"http:\/\/archiv.szolnoktv.hu\/index.php?rest_route=%2Fwp%2Fv2%2Fcategories&post=11069"},{"taxonomy":"post_tag","embeddable":true,"href":"http:\/\/archiv.szolnoktv.hu\/index.php?rest_route=%2Fwp%2Fv2%2Ftags&post=11069"}],"curies":[{"name":"wp","href":"https:\/\/api.w.org\/{rel}","templated":true}]}}