{"id":11068,"date":"2018-12-27T17:01:32","date_gmt":"2018-12-27T17:01:32","guid":{"rendered":"http:\/\/archiv.szolnoktv.hu\/?p=11068"},"modified":"2021-08-14T18:05:04","modified_gmt":"2021-08-14T18:05:04","slug":"folyami-rak-kutatas","status":"publish","type":"post","link":"http:\/\/archiv.szolnoktv.hu\/?p=11068","title":{"rendered":"Folyami r\u00e1k kutat\u00e1s<br>"},"content":{"rendered":"<div class='booster-block booster-read-block'><\/div><p>Munk\u00e1ban a Hortob\u00e1gyi nemzeti Park Igazgat\u00f3s\u00e1g szak\u00e9rt\u0151je, Sallai Zolt\u00e1n. Az un. elektromos kec\u00e9vel a foly\u00f3 szolnoki szakasz\u00e1nak medr\u00e9t p\u00e1szt\u00e1zz\u00e1k \u0151sz \u00f3ta a szakemberek. <\/p>\n<p>&#8220;Ez nem j\u00e1r a halak elpusztul\u00e1s\u00e1val a k\u00f6zhiedelemmel ellent\u00e9tben, mind\u00f6ssze ilyen n\u00e9h\u00e1ny percig, m\u00e1sodpercig tart\u00f3 oxig\u00e9nhi\u00e1nyos \u00e1llapotot id\u00e9z el\u0151 a halakban, ut\u00e1na magukhoz t\u00e9rnek \u00e9s el tudnak \u00faszni.&#8221;.<\/p>\n<p>Ez a helyzet a r\u00e1kokkal is, melyeket a regisztr\u00e1l\u00e1s ut\u00e1n azonnal szabadon engednek. Felt\u00e9ve, ha szerencs\u00e9vel j\u00e1rnak&#8230; Van ugyanis amikor egyet sem siker\u00fcl kifogni. A Tisza k\u00f6z\u00e9ps\u0151 szakasz\u00e1n els\u0151sorban a t\u00edzl\u00e1b\u00fa r\u00e1kok k\u00e9t jellemz\u0151 faja- az \u0151shonos kecsker\u00e1k, \u00e9s az inv\u00e1zi\u00f3s cifra r\u00e1k fordul el\u0151. Az \u0151shonos faj p\u00e1r \u00e9ve j\u00f3val nagyobb egyedsz\u00e1mban volt jelen.<\/p>\n<p>&#8220;Most sajnos sokkal s\u00f6t\u00e9tebb a helyzet. Tegnap Kisk\u00f6r\u00e9t\u0151l j\u00f6tt\u00fcnk le eg\u00e9szen Szolnokig \u00e9s az \u0151shonos kecsker\u00e1k egyedeib\u0151l egy\u00e1ltal\u00e1n nem siker\u00fclt fogni, csak kiz\u00e1r\u00f3lag idegenhonos cifra r\u00e1kot fogtunk \u00f6t mintaszakaszon.&#8221;<\/p>\n<p>A cifra r\u00e1k eredetileg \u00c9szak- Amerik\u00e1ban \u00e9l. M\u00e1ra viszont a hazai k\u00f6r\u00fclm\u00e9nyekhez is j\u00f3l alkalmazkodott.<\/p>\n<p>&#8220;Kicsik\u00e9t hasonl\u00edt a kecsker\u00e1khoz, de az oll\u00f3i j\u00f3val r\u00f6videbbek \u00e9s kicsivel s\u00f6t\u00e9tebb is a sz\u00ednezete.&#8221;- tudtuk meg Monoki \u00c1kos t\u00e1jegys\u00e9g- vezet\u0151t\u0151l.<\/p>\n<p>A Tisz\u00e1ban \u00e9l\u0151 t\u00edzl\u00e1b\u00fa r\u00e1kok \u0151shonos faja \u00e9rz\u00e9keny a v\u00edz tisztas\u00e1g\u00e1ra, m\u00edg az agressz\u00edvabb j\u00f6vev\u00e9nyek ellen\u00e1ll\u00f3bbak a kedvez\u0151tlen k\u00f6r\u00fclm\u00e9nyekkel szemben.<\/p>\n<p>&#8220;Egyr\u00e9szt ugye a v\u00edzszennyez\u00e9s ami nagyon jelent\u0151s m\u00e9rt\u00e9kben hozz\u00e1j\u00e1rul az \u00e9l\u0151hely\u00fck min\u0151s\u00e9g\u00e9nek a roml\u00e1s\u00e1hoz, m\u00e1sr\u00e9szt pedig egy \u00fagynevezett r\u00e1kpestis ami t\u00f6bb \u00e9ven kereszt\u00fcl is felbukkant, illetve nagyon hossz\u00fa ideje jelen van a hazai vizeinkben.&#8221;<\/p>\n<p>A felm\u00e9r\u00e9s sor\u00e1n halak is gyakran a h\u00e1l\u00f3ba ker\u00fclnek. K\u00f6zt\u00fck olyanok- p\u00e9ld\u00e1ul a n\u00e9met buc\u00f3, vagy a bolg\u00e1r cs\u00edk- amit ugyancsak az elt\u0171n\u00e9s vesz\u00e9lye fenyeget. A kutat\u00e1ssal a Hortob\u00e1gyi Nemzeti Park Term\u00e9szetv\u00e9delmi \u00d5rszolg\u00e1lata igyekszik r\u00e1vil\u00e1g\u00edtani arra is, milyen vesz\u00e9lyforr\u00e1sok jelentenek kock\u00e1zati t\u00e9nyez\u0151t a foly\u00f3 \u00e9l\u0151vil\u00e1g\u00e1ra.<br \/>\n<br \/>\n<div style=\"width: 640px;\" class=\"wp-video\"><!--[if lt IE 9]><script>document.createElement('video');<\/script><![endif]-->\n<video class=\"wp-video-shortcode\" id=\"video-11068-1\" width=\"640\" height=\"360\" preload=\"metadata\" controls=\"controls\"><source type=\"video\/mp4\" src=\"\/spots\/hir\/hir_181227_03.mp4?_=1\" \/><a href=\"\/spots\/hir\/hir_181227_03.mp4\">\/spots\/hir\/hir_181227_03.mp4<\/a><\/video><\/div><\/p>\n","protected":false},"excerpt":{"rendered":"<p>Munk\u00e1ban a Hortob\u00e1gyi nemzeti Park Igazgat\u00f3s\u00e1g szak\u00e9rt\u0151je, Sallai Zolt\u00e1n. Az un. elektromos kec\u00e9vel a foly\u00f3 szolnoki szakasz\u00e1nak medr\u00e9t p\u00e1szt\u00e1zz\u00e1k \u0151sz \u00f3ta a szakemberek. &#8220;Ez nem j\u00e1r a halak elpusztul\u00e1s\u00e1val a k\u00f6zhiedelemmel ellent\u00e9tben, mind\u00f6ssze ilyen n\u00e9h\u00e1ny percig, m\u00e1sodpercig tart\u00f3 oxig\u00e9nhi\u00e1nyos \u00e1llapotot id\u00e9z el\u0151 a halakban, ut\u00e1na magukhoz t\u00e9rnek \u00e9s el tudnak \u00faszni.&#8221;. Ez a helyzet a [&hellip;]<\/p>\n","protected":false},"author":2,"featured_media":0,"comment_status":"closed","ping_status":"closed","sticky":false,"template":"","format":"standard","meta":[],"categories":[9],"tags":[],"_links":{"self":[{"href":"http:\/\/archiv.szolnoktv.hu\/index.php?rest_route=\/wp\/v2\/posts\/11068"}],"collection":[{"href":"http:\/\/archiv.szolnoktv.hu\/index.php?rest_route=\/wp\/v2\/posts"}],"about":[{"href":"http:\/\/archiv.szolnoktv.hu\/index.php?rest_route=\/wp\/v2\/types\/post"}],"author":[{"embeddable":true,"href":"http:\/\/archiv.szolnoktv.hu\/index.php?rest_route=\/wp\/v2\/users\/2"}],"replies":[{"embeddable":true,"href":"http:\/\/archiv.szolnoktv.hu\/index.php?rest_route=%2Fwp%2Fv2%2Fcomments&post=11068"}],"version-history":[{"count":1,"href":"http:\/\/archiv.szolnoktv.hu\/index.php?rest_route=\/wp\/v2\/posts\/11068\/revisions"}],"predecessor-version":[{"id":11089,"href":"http:\/\/archiv.szolnoktv.hu\/index.php?rest_route=\/wp\/v2\/posts\/11068\/revisions\/11089"}],"wp:attachment":[{"href":"http:\/\/archiv.szolnoktv.hu\/index.php?rest_route=%2Fwp%2Fv2%2Fmedia&parent=11068"}],"wp:term":[{"taxonomy":"category","embeddable":true,"href":"http:\/\/archiv.szolnoktv.hu\/index.php?rest_route=%2Fwp%2Fv2%2Fcategories&post=11068"},{"taxonomy":"post_tag","embeddable":true,"href":"http:\/\/archiv.szolnoktv.hu\/index.php?rest_route=%2Fwp%2Fv2%2Ftags&post=11068"}],"curies":[{"name":"wp","href":"https:\/\/api.w.org\/{rel}","templated":true}]}}