{"id":10815,"date":"2018-11-28T17:28:33","date_gmt":"2018-11-28T17:28:33","guid":{"rendered":"http:\/\/archiv.szolnoktv.hu\/?p=10815"},"modified":"2021-08-14T17:47:58","modified_gmt":"2021-08-14T17:47:58","slug":"etelt-osztott-a-szent-gyorgy-lovagrend","status":"publish","type":"post","link":"http:\/\/archiv.szolnoktv.hu\/?p=10815","title":{"rendered":"\u00c9telt osztott a Szent Gy\u00f6rgy Lovagrend"},"content":{"rendered":"<div class='booster-block booster-read-block'><\/div><p>Rizses h\u00fas \u00e9s savany\u00fas\u00e1g. A nappali centrumban ma k\u00fcl\u00f6nleges men\u00fcvel v\u00e1rt\u00e1k a bet\u00e9r\u0151ket. A meleg \u00e9telr\u0151l a Szent Gy\u00f6rgy Lovagrend szolnoki tagjai gondoskodtak. <\/p>\n<p>-M\u00e1sf\u00e9l \u00e9ve ismertem meg a Lovagrend feladatait, c\u00e9lkit\u0171z\u00e9seit Szerencs\u00e9s S\u00e1ndor \u00e9s Moln\u00e1r S\u00e1ndornak k\u00f6sz\u00f6nhet\u0151en, \u0151k mondtak, milyen nemes eszm\u00e9k, lehet\u0151s\u00e9gek vannak itt \u00e9s akkor volt egy ilyen lehet\u0151s\u00e9g, hogy v\u00e1rom\u00e1nyosk\u00e9nt beker\u00fclhetek a csapatba \u00e9s \u00fagy d\u00f6nt\u00f6ttem, hogy igen.&#8221;-mondta Gyarmati G\u00e1bor, a Szent Gy\u00f6rgy Lovagrend v\u00e1rom\u00e1nyosa.<\/p>\n<p>A fed\u00e9l n\u00e9lk\u00fcl \u00e9l\u0151k havonta k\u00e9tszer-h\u00e1romszor jutnak meleg \u00e9telhez, \u00edgy j\u00f3\u00edz\u0171en fogyasztott\u00e1k el rizses h\u00fast. Mintegy harminc hajl\u00e9ktalannak jutott az eb\u00e9db\u0151l. Nem ez volt az els\u0151 alkalom, hogy a lovagrend megvend\u00e9gelte a neh\u00e9z sors\u00fa embereket. <\/p>\n<p>-Ez a mai esem\u00e9ny m\u00e1r t\u00f6bb \u00e9ve zajlik itt, a Prizma \u00faton ilyen november v\u00e9ge fel\u00e9, hideg id\u0151kbe szoktunk osztani eb\u00e9det, amit nagy szeretettel fogadnak \u00e9s mi is avval osszuk.&#8221;-mondta Szerencs\u00e9s S\u00e1ndor, a Szent Gy\u00f6rgy Lovagrend megyei priorja.<\/p>\n<p>A lovagrend \u00e9ves szinten t\u00f6bb mint 10 milli\u00f3 forintot ford\u00edt karitat\u00edv tev\u00e9kenys\u00e9gre \u00e9s nem csak \u00e9tellel seg\u00edtenek. Az adom\u00e1nyok kioszt\u00e1s\u00e1nak id\u0151pontj\u00e1r\u00f3l a Katolikus Egyh\u00e1z h\u00edrlevel\u00e9b\u0151l, valamint a Szent Gy\u00f6rgy Lovagrend facebook oldal\u00e1n t\u00e1j\u00e9koz\u00f3dhatnak.<br \/>\n<br \/>\n<div style=\"width: 640px;\" class=\"wp-video\"><!--[if lt IE 9]><script>document.createElement('video');<\/script><![endif]-->\n<video class=\"wp-video-shortcode\" id=\"video-10815-1\" width=\"640\" height=\"360\" preload=\"metadata\" controls=\"controls\"><source type=\"video\/mp4\" src=\"\/spots\/hir\/hir_181128_02.mp4?_=1\" \/><a href=\"\/spots\/hir\/hir_181128_02.mp4\">\/spots\/hir\/hir_181128_02.mp4<\/a><\/video><\/div><\/p>\n","protected":false},"excerpt":{"rendered":"<p>Rizses h\u00fas \u00e9s savany\u00fas\u00e1g. A nappali centrumban ma k\u00fcl\u00f6nleges men\u00fcvel v\u00e1rt\u00e1k a bet\u00e9r\u0151ket. A meleg \u00e9telr\u0151l a Szent Gy\u00f6rgy Lovagrend szolnoki tagjai gondoskodtak. -M\u00e1sf\u00e9l \u00e9ve ismertem meg a Lovagrend feladatait, c\u00e9lkit\u0171z\u00e9seit Szerencs\u00e9s S\u00e1ndor \u00e9s Moln\u00e1r S\u00e1ndornak k\u00f6sz\u00f6nhet\u0151en, \u0151k mondtak, milyen nemes eszm\u00e9k, lehet\u0151s\u00e9gek vannak itt \u00e9s akkor volt egy ilyen lehet\u0151s\u00e9g, hogy v\u00e1rom\u00e1nyosk\u00e9nt beker\u00fclhetek a [&hellip;]<\/p>\n","protected":false},"author":2,"featured_media":0,"comment_status":"closed","ping_status":"closed","sticky":false,"template":"","format":"standard","meta":[],"categories":[9],"tags":[],"_links":{"self":[{"href":"http:\/\/archiv.szolnoktv.hu\/index.php?rest_route=\/wp\/v2\/posts\/10815"}],"collection":[{"href":"http:\/\/archiv.szolnoktv.hu\/index.php?rest_route=\/wp\/v2\/posts"}],"about":[{"href":"http:\/\/archiv.szolnoktv.hu\/index.php?rest_route=\/wp\/v2\/types\/post"}],"author":[{"embeddable":true,"href":"http:\/\/archiv.szolnoktv.hu\/index.php?rest_route=\/wp\/v2\/users\/2"}],"replies":[{"embeddable":true,"href":"http:\/\/archiv.szolnoktv.hu\/index.php?rest_route=%2Fwp%2Fv2%2Fcomments&post=10815"}],"version-history":[{"count":1,"href":"http:\/\/archiv.szolnoktv.hu\/index.php?rest_route=\/wp\/v2\/posts\/10815\/revisions"}],"predecessor-version":[{"id":10880,"href":"http:\/\/archiv.szolnoktv.hu\/index.php?rest_route=\/wp\/v2\/posts\/10815\/revisions\/10880"}],"wp:attachment":[{"href":"http:\/\/archiv.szolnoktv.hu\/index.php?rest_route=%2Fwp%2Fv2%2Fmedia&parent=10815"}],"wp:term":[{"taxonomy":"category","embeddable":true,"href":"http:\/\/archiv.szolnoktv.hu\/index.php?rest_route=%2Fwp%2Fv2%2Fcategories&post=10815"},{"taxonomy":"post_tag","embeddable":true,"href":"http:\/\/archiv.szolnoktv.hu\/index.php?rest_route=%2Fwp%2Fv2%2Ftags&post=10815"}],"curies":[{"name":"wp","href":"https:\/\/api.w.org\/{rel}","templated":true}]}}