{"id":10808,"date":"2018-11-27T17:09:16","date_gmt":"2018-11-27T17:09:16","guid":{"rendered":"http:\/\/archiv.szolnoktv.hu\/?p=10808"},"modified":"2021-08-14T17:47:59","modified_gmt":"2021-08-14T17:47:59","slug":"elektroszmog-meres","status":"publish","type":"post","link":"http:\/\/archiv.szolnoktv.hu\/?p=10808","title":{"rendered":"Elektroszmog m\u00e9r\u00e9s<br>"},"content":{"rendered":"<div class='booster-block booster-read-block'><\/div><p> &#8220;Amint l\u00e1tj\u00e1k, egy k\u00f6nny\u0171 k\u00e9sz\u00fcl\u00e9kr\u0151l besz\u00e9l\u00fcnk.&#8221;<\/p>\n<p>Mutatja az elektroszmog m\u00e9r\u0151 mobil \u00e1llom\u00e1st Garics Antal a F\u00e1y Andr\u00e1s lak\u00e1ssz\u00f6vetkezet eln\u00f6ke a Kolozsv\u00e1ri \u00fat egyik t\u00e1rsash\u00e1z\u00e1ban. <\/p>\n<p> &#8220;Nem els\u0151 eset, hogy itt m\u00e9r\u00e9seket folytatunk k\u00fcl\u00f6nb\u00f6z\u0151 \u00e9p\u00fcleteinkn\u00e9l. K\u00e9t \u00e9vvel ezel\u0151tt volt az els\u0151 program amikor t\u00f6bb \u00e9p\u00fclet\u00fcnkn\u00e9l, 10- 15 \u00e9p\u00fcletn\u00e9l helyezt\u00fcnk ki hasonl\u00f3 m\u0171szereket \u00e9s most is van egy ilyen ciklusid\u0151szak, hogy letelt k\u00e9t \u00e9v \u00e9s most \u00fajra ellen\u0151rz\u00e9seket v\u00e9geztet\u00fcnk.&#8221;<\/p>\n<p>Elektroszmognak nevezik azokat a hat\u00e1sokat, melyeket sug\u00e1rz\u00f3 eszk\u00f6z\u00f6k keltenek. P\u00e9ld\u00e1ul mikrohull\u00e1m\u00fa s\u00fct\u0151, monitor, vagy \u00e9ppen mobiltelefon.. nem is besz\u00e9lve a belv\u00e1rosi \u00e9p\u00fcleteken elhelyezett  mobiltornyokr\u00f3l. Az eg\u00e9szs\u00e9g\u00fcgyi hat\u00e1r\u00e9rt\u00e9ket a Sug\u00e1rbiol\u00f3giai \u00e9s Sug\u00e1reg\u00e9szs\u00e9g\u00fcgyi Kutat\u00f3 Igazgat\u00f3s\u00e1g \u00e1llap\u00edtotta meg.<\/p>\n<p>&#8220;Aki ennek a f\u0151hat\u00f3s\u00e1ga ennek a szakter\u00fcletnek, teh\u00e1t \u0151k azok akik a hat\u00e1r\u00e9rt\u00e9kek megszab\u00e1s\u00e1t Magyarorsz\u00e1gon elv\u00e9gzik. Persze ezek uni\u00f3s keretek k\u00f6z\u00f6tt zajlanak, teh\u00e1t eur\u00f3pai uni\u00f3s szinten ker\u00fcl az meghat\u00e1roz\u00e1sra, hogy melyik frekvencias\u00e1vban mekkora sug\u00e1rz\u00e1s megengedhet\u0151.&#8221;- hangs\u00falyozta G\u00e1sp\u00e1r Ern\u0151 a NMHH oszt\u00e1lyvezet\u0151je.<\/p>\n<p>A Nemzeti M\u00e9dia- \u00e9s H\u00edrk\u00f6zl\u00e9si Hat\u00f3s\u00e1g az orsz\u00e1g t\u00f6bb pontj\u00e1n is m\u00e9r. Honlapjukon pedig rendszeresen k\u00f6zz\u00e9teszik az eredm\u00e9nyeket. A 2016- ban elv\u00e9gzett m\u00e9r\u00e9sek szerint Szolnokon az elektroszmog szintje az eg\u00e9szs\u00e9g\u00fcgyi hat\u00e1r\u00e9rt\u00e9k fel\u00e9t sem \u00e9rte el.<\/p>\n<p>&#8220;T\u00f6bben furcs\u00e1llj\u00e1k, de az \u0151 \u00e9rdek\u00fckben van igaz\u00e1b\u00f3l. Nem csak az, hogy \u00edgy a m\u00e9r\u00e9st k\u00fcl\u00f6nb\u00f6z\u0151 helyeken v\u00e9gezz\u00fck, hanem vannak \u00e9p\u00fcleteink nek\u00fcnk is, de a v\u00e1rosban ugye t\u00f6bb toronyh\u00e1z, egyebek vannak ahol olyan antenn\u00e1k helyezkednek el amiknek a sug\u00e1rz\u00e1sa az \u00e1tlagt\u00f3l mondjuk nagyobb \u00e9s ezen k\u00f6rzetekben lak\u00f3k k\u00fcl\u00f6n\u00f6sen \u00e9rintetek abban, hogy tudj\u00e1k, hogy t\u00e9nyleg nem vesz\u00e9lyes az a f\u00f6lszerelt antenna p\u00e9ld\u00e1ul az \u0151 szervezet\u00fckre.&#8221;<\/p>\n<p>A m\u00e9r\u0151egys\u00e9g egy h\u00e9ten \u00e1t k\u00f6z\u00f6l adatokat a pesti k\u00f6zponttal. Szolnokon eddig csaknem 30 helyen v\u00e9geztek m\u00e9r\u00e9seket. A tapasztalatok eddig minden esetben kedvez\u0151ek voltak.<br \/>\n<br \/>\n<div style=\"width: 640px;\" class=\"wp-video\"><!--[if lt IE 9]><script>document.createElement('video');<\/script><![endif]-->\n<video class=\"wp-video-shortcode\" id=\"video-10808-1\" width=\"640\" height=\"360\" preload=\"metadata\" controls=\"controls\"><source type=\"video\/mp4\" src=\"\/spots\/hir\/hir_181127_02.mp4?_=1\" \/><a href=\"\/spots\/hir\/hir_181127_02.mp4\">\/spots\/hir\/hir_181127_02.mp4<\/a><\/video><\/div><\/p>\n","protected":false},"excerpt":{"rendered":"<p>&#8220;Amint l\u00e1tj\u00e1k, egy k\u00f6nny\u0171 k\u00e9sz\u00fcl\u00e9kr\u0151l besz\u00e9l\u00fcnk.&#8221; Mutatja az elektroszmog m\u00e9r\u0151 mobil \u00e1llom\u00e1st Garics Antal a F\u00e1y Andr\u00e1s lak\u00e1ssz\u00f6vetkezet eln\u00f6ke a Kolozsv\u00e1ri \u00fat egyik t\u00e1rsash\u00e1z\u00e1ban. &#8220;Nem els\u0151 eset, hogy itt m\u00e9r\u00e9seket folytatunk k\u00fcl\u00f6nb\u00f6z\u0151 \u00e9p\u00fcleteinkn\u00e9l. K\u00e9t \u00e9vvel ezel\u0151tt volt az els\u0151 program amikor t\u00f6bb \u00e9p\u00fclet\u00fcnkn\u00e9l, 10- 15 \u00e9p\u00fcletn\u00e9l helyezt\u00fcnk ki hasonl\u00f3 m\u0171szereket \u00e9s most is van egy [&hellip;]<\/p>\n","protected":false},"author":2,"featured_media":0,"comment_status":"closed","ping_status":"closed","sticky":false,"template":"","format":"standard","meta":[],"categories":[9],"tags":[],"_links":{"self":[{"href":"http:\/\/archiv.szolnoktv.hu\/index.php?rest_route=\/wp\/v2\/posts\/10808"}],"collection":[{"href":"http:\/\/archiv.szolnoktv.hu\/index.php?rest_route=\/wp\/v2\/posts"}],"about":[{"href":"http:\/\/archiv.szolnoktv.hu\/index.php?rest_route=\/wp\/v2\/types\/post"}],"author":[{"embeddable":true,"href":"http:\/\/archiv.szolnoktv.hu\/index.php?rest_route=\/wp\/v2\/users\/2"}],"replies":[{"embeddable":true,"href":"http:\/\/archiv.szolnoktv.hu\/index.php?rest_route=%2Fwp%2Fv2%2Fcomments&post=10808"}],"version-history":[{"count":1,"href":"http:\/\/archiv.szolnoktv.hu\/index.php?rest_route=\/wp\/v2\/posts\/10808\/revisions"}],"predecessor-version":[{"id":10887,"href":"http:\/\/archiv.szolnoktv.hu\/index.php?rest_route=\/wp\/v2\/posts\/10808\/revisions\/10887"}],"wp:attachment":[{"href":"http:\/\/archiv.szolnoktv.hu\/index.php?rest_route=%2Fwp%2Fv2%2Fmedia&parent=10808"}],"wp:term":[{"taxonomy":"category","embeddable":true,"href":"http:\/\/archiv.szolnoktv.hu\/index.php?rest_route=%2Fwp%2Fv2%2Fcategories&post=10808"},{"taxonomy":"post_tag","embeddable":true,"href":"http:\/\/archiv.szolnoktv.hu\/index.php?rest_route=%2Fwp%2Fv2%2Ftags&post=10808"}],"curies":[{"name":"wp","href":"https:\/\/api.w.org\/{rel}","templated":true}]}}