{"id":10706,"date":"2018-11-19T14:20:24","date_gmt":"2018-11-19T14:20:24","guid":{"rendered":"http:\/\/archiv.szolnoktv.hu\/?p=10706"},"modified":"2021-08-14T17:17:19","modified_gmt":"2021-08-14T17:17:19","slug":"momentum-mozgalom-alairasgyujtes","status":"publish","type":"post","link":"http:\/\/archiv.szolnoktv.hu\/?p=10706","title":{"rendered":"Momentum Mozgalom al\u00e1\u00edr\u00e1sgy\u0171jt\u00e9s"},"content":{"rendered":"<div class='booster-block booster-read-block'><\/div><p>A Momentum Mozgalom is r\u00e9szt vesz abban az akci\u00f3ban, melynek c\u00e9lja, hogy Magyarorsz\u00e1g is csatlakozzon az Eur\u00f3pai \u00dcgy\u00e9szs\u00e9ghez. A szervezet feladata, hogy nyomozzon az EU-s k\u00f6lts\u00e9gvet\u00e9sekkel szemben elk\u00f6vetett csal\u00e1sok, s\u00e9rt\u0151 b\u0171ncselekm\u00e9nyeket illet\u0151en. Szerint\u00fck a ugyanis Magyar \u00dcgy\u00e9szs\u00e9g nem v\u00e9gzi megfelel\u0151en a munk\u00e1j\u00e1t. Az al\u00e1\u00edr\u00e1sgy\u0171jt\u00e9s\u00e9 c\u00e9lja a n\u00e9pszavaz\u00e1s elrendel\u00e9se.<\/p>\n<p>-Az egy milli\u00f3 al\u00e1\u00edr\u00e1s azt tudja megmutatni, hogy Magyarorsz\u00e1gon egy nagyon egys\u00e9ges \u00e9s egy nagyon elk\u00f6telezett t\u00f6mb van, aki szerint nem j\u00f3 ir\u00e1nyba mennek a dolgok. Nyilv\u00e1n, a legfontosabb az az, hogy az emberek, amikor v\u00e1laszt\u00e1s van, akkor elmenjenek \u00e9s szavazzanak  &#8211;   lelkiismeret\u00fck szerint b\u00e1rkire- \u00e9s a nyom\u00e1s gyakorl\u00e1s a val\u00f3di c\u00e9l. Teh\u00e1t, egy milli\u00f3 v\u00e1laszt\u00f3t nem tud figyelmen k\u00edv\u00fcl hagyni sem a FIDESZ, sem az Eur\u00f3pai Uni\u00f3.&#8221; -nyilatkozta Nemes Bal\u00e1zs, a Momentum Mozgalom sz\u00f3viv\u0151je.<\/p>\n<p>A Momentum sz\u00f3viv\u0151je hozz\u00e1tette: nem \u00e9rti, mi t\u00f6rt\u00e9nt az elm\u00falt 9 \u00e9vben, hiszen a FIDESZ 2009-es Eur\u00f3pai Parlamenti programj\u00e1ban szerepelt a csatlakoz\u00e1s sz\u00e1nd\u00e9ka. A tapasztalatok azt mutatj\u00e1k- hangs\u00falyozta Nemes Bal\u00e1zs, hogy a FIDESZ csak az er\u0151politik\u00e1b\u00f3l \u00e9rt.<\/p>\n<p>-Ez a net-ad\u00f3n\u00e1l volt klasszikusan \u00e9rz\u00e9kelhet\u0151, n\u00e9h\u00e1ny sz\u00e1zezer embert\u0151l \u00fagy megijedtek, hogy r\u00f6gt\u00f6n visszavont\u00e1k az eg\u00e9szet. A m\u00e1sik h\u00edres p\u00e9lda, amikor \u00f6sszegy\u0171jt\u00f6tt\u00fck az Olimpiai n\u00e9pszavaz\u00e1s ki\u00edr\u00e1s\u00e1\u00e9rt gy\u0171jt\u00f6tt al\u00e1\u00edr\u00e1sokat, ott meg se v\u00e1rt\u00e1k m\u00e1r a n\u00e9pszavaz\u00e1st, r\u00f6gt\u00f6n megfutamodtak.&#8221;<\/p>\n<p>A Momentum 2 nap alatt 11 helysz\u00ednen j\u00e1rt. Szolnok ut\u00e1n Gy\u0151rben \u00e9s P\u00e9csett is gy\u0171jt\u00f6tt\u00e9k az al\u00e1\u00edr\u00e1sokat.<br \/>\n<br \/>\n<div style=\"width: 640px;\" class=\"wp-video\"><!--[if lt IE 9]><script>document.createElement('video');<\/script><![endif]-->\n<video class=\"wp-video-shortcode\" id=\"video-10706-1\" width=\"640\" height=\"360\" preload=\"metadata\" controls=\"controls\"><source type=\"video\/mp4\" src=\"\/spots\/hir\/hir_181119_02.mp4?_=1\" \/><a href=\"\/spots\/hir\/hir_181119_02.mp4\">\/spots\/hir\/hir_181119_02.mp4<\/a><\/video><\/div><\/p>\n","protected":false},"excerpt":{"rendered":"<p>A Momentum Mozgalom is r\u00e9szt vesz abban az akci\u00f3ban, melynek c\u00e9lja, hogy Magyarorsz\u00e1g is csatlakozzon az Eur\u00f3pai \u00dcgy\u00e9szs\u00e9ghez. A szervezet feladata, hogy nyomozzon az EU-s k\u00f6lts\u00e9gvet\u00e9sekkel szemben elk\u00f6vetett csal\u00e1sok, s\u00e9rt\u0151 b\u0171ncselekm\u00e9nyeket illet\u0151en. Szerint\u00fck a ugyanis Magyar \u00dcgy\u00e9szs\u00e9g nem v\u00e9gzi megfelel\u0151en a munk\u00e1j\u00e1t. Az al\u00e1\u00edr\u00e1sgy\u0171jt\u00e9s\u00e9 c\u00e9lja a n\u00e9pszavaz\u00e1s elrendel\u00e9se. -Az egy milli\u00f3 al\u00e1\u00edr\u00e1s azt tudja megmutatni, [&hellip;]<\/p>\n","protected":false},"author":2,"featured_media":0,"comment_status":"closed","ping_status":"closed","sticky":false,"template":"","format":"standard","meta":[],"categories":[9],"tags":[],"_links":{"self":[{"href":"http:\/\/archiv.szolnoktv.hu\/index.php?rest_route=\/wp\/v2\/posts\/10706"}],"collection":[{"href":"http:\/\/archiv.szolnoktv.hu\/index.php?rest_route=\/wp\/v2\/posts"}],"about":[{"href":"http:\/\/archiv.szolnoktv.hu\/index.php?rest_route=\/wp\/v2\/types\/post"}],"author":[{"embeddable":true,"href":"http:\/\/archiv.szolnoktv.hu\/index.php?rest_route=\/wp\/v2\/users\/2"}],"replies":[{"embeddable":true,"href":"http:\/\/archiv.szolnoktv.hu\/index.php?rest_route=%2Fwp%2Fv2%2Fcomments&post=10706"}],"version-history":[{"count":1,"href":"http:\/\/archiv.szolnoktv.hu\/index.php?rest_route=\/wp\/v2\/posts\/10706\/revisions"}],"predecessor-version":[{"id":10749,"href":"http:\/\/archiv.szolnoktv.hu\/index.php?rest_route=\/wp\/v2\/posts\/10706\/revisions\/10749"}],"wp:attachment":[{"href":"http:\/\/archiv.szolnoktv.hu\/index.php?rest_route=%2Fwp%2Fv2%2Fmedia&parent=10706"}],"wp:term":[{"taxonomy":"category","embeddable":true,"href":"http:\/\/archiv.szolnoktv.hu\/index.php?rest_route=%2Fwp%2Fv2%2Fcategories&post=10706"},{"taxonomy":"post_tag","embeddable":true,"href":"http:\/\/archiv.szolnoktv.hu\/index.php?rest_route=%2Fwp%2Fv2%2Ftags&post=10706"}],"curies":[{"name":"wp","href":"https:\/\/api.w.org\/{rel}","templated":true}]}}