{"id":10682,"date":"2018-11-13T17:18:37","date_gmt":"2018-11-13T17:18:37","guid":{"rendered":"http:\/\/archiv.szolnoktv.hu\/?p=10682"},"modified":"2021-08-14T17:17:22","modified_gmt":"2021-08-14T17:17:22","slug":"47-kivalo-mestert-avattak-megyenkben","status":"publish","type":"post","link":"http:\/\/archiv.szolnoktv.hu\/?p=10682","title":{"rendered":"47 kiv\u00e1l\u00f3 mestert avattak megy\u00e9nkben."},"content":{"rendered":"<div class='booster-block booster-read-block'><\/div><p>A gazdas\u00e1g n\u00f6veked\u00e9s\u00e9nek alapjait a j\u00f3 szakemberek, a kiv\u00e1l\u00f3 mesterek jelentik -mondta k\u00f6sz\u00f6nt\u0151j\u00e9ben Szir\u00e1ki Andr\u00e1s a Kereskedelmi \u00e9s Iparkamara megyei eln\u00f6ke. Megy\u00e9nk gazdas\u00e1gi teljes\u00edtm\u00e9ny\u00e9nek 68 sz\u00e1zal\u00e9k\u00e1t az ipar adja, alig 22 sz\u00e1zal\u00e9kot jelent a szolg\u00e1ltat\u00e1s. Ezen -a szolg\u00e1ltat\u00f3k jav\u00e1ra- v\u00e1ltoztatni kell -hangzott el. A Mesteravat\u00f3 \u00dcnneps\u00e9gen id\u00e9n 47-en mondt\u00e1k el esk\u00fcj\u00fcket.<br \/>Villanyszerel\u0151k, fest\u0151-d\u00edsz\u00edt\u0151 \u00e9s m\u00e1zol\u00f3k, keresked\u0151k, fodr\u00e1szok, aut\u00f3szerel\u0151k, szak\u00e1csok \u00e9s g\u00e1zfogyaszt\u00f3 berendez\u00e9s szerel\u0151k vett\u00e9k \u00e1t mesterlevel\u00fcket.<br \/>&#8220;Nagyon sok munka vele, 24 \u00e9ve v\u00e9geztem, sokat dolgoztam a lakoss\u00e1gi g\u00e1zvezet\u00e9kkel, \u00e9jjel-nappal, mindig az \u00fcgyf\u00e9l az els\u0151, ut\u00e1na a csal\u00e1d.&#8221; -mondta HALMAI L\u00c1SZL\u00d3 g\u00e1zfogyaszt\u00f3berendez\u00e9s \u00e9s cs\u0151h\u00e1l\u00f3zat-szerel\u0151 mester.<br \/>&#8220;\u00c9n b\u00edzom benne, hogy hozz\u00e1m is sok di\u00e1k j\u00f6n, majd, hogy \u00e1tadhassam a tud\u00e1st, \u00e9s sok mester \u00f6r\u00fcl majd ut\u00e1nam, mint ahogy \u00e9n \u00e1llok itt.&#8221; -mondta VENTER J\u00d3ZSEFN\u00c9 keresked\u0151 mester.<br \/>&#8220;A szakm\u00e1nknak ez a cs\u00facsa, mi fodr\u00e1szok szeretettel v\u00e1rtuk a vizsga napj\u00e1t, annyira felemel\u0151, hogy fel sem tudjuk fogni, de v\u00e1rjuk, hogy ezt a sok tud\u00e1st \u00e1t tudjuk adni a tanul\u00f3knak, mert ez volt a c\u00e9lja a mesterr\u00e9 v\u00e1l\u00e1sunknak.&#8221; -mondta MAGYARN\u00c9 SZ\u00dbCS ERIKA mesterfodr\u00e1sz.<br \/>Azok, akik t\u00f6bb \u00e9vtizeddel ezel\u0151tt kapt\u00e1k meg mesterlevel\u00fcket,bronz, ez\u00fcst \u00e9s arany koszor\u00fas mesteri c\u00edmet kaptak.<br \/>&#8220;Neh\u00e9z volt az eleje, de mindig a sz\u00e9pet kerest\u00fck, a vend\u00e9g mosoly\u00e1t, ezt pr\u00f3b\u00e1lom \u00e1tadni a tanul\u00f3knak, hogy mindig a sz\u00e9pet l\u00e1ss\u00e1k meg benne.&#8221; -mondta P\u00c1LSZAB\u00d3 MIH\u00c1LY aranykoszor\u00fas mester szak\u00e1cs.<br \/>&#8220;Nagyon sz\u00e9p 40 \u00e9vet tudhatok magam ut\u00e1n, sok megel\u00e9gedett vend\u00e9ggel, \u00e9s b\u00fcszke vagyok, hogy cukr\u00e1sz lehettem.&#8221; -mondta JAKOBICZ J\u00d3ZSEFN\u00c9 ez\u00fcstkoszor\u00fas cukr\u00e1sz mester.<br \/>Az 1997-es \u00e9v el\u0151tti id\u0151kb\u0151l alig 200 mestere maradt megy\u00e9nknek, 1997 \u00e9s 2014 k\u00f6z\u00f6tt 381-en vett\u00e9k \u00e1t oklevel\u00fcket. Az elm\u00falt 4 \u00e9vben 317 mestert k\u00e9peztek ki, \u00edgy megy\u00e9nkben \u00f6sszesen 898 mester \u00e1ll rendelkez\u00e9sre.<br \/>&#8220;Ez sok vagy kev\u00e9s? Ez egy tekint\u00e9lyes sz\u00e1m, de ha a piacot n\u00e9zem, sokszor hetekre, h\u00f3napokra van t\u00fcrelemre sz\u00fcks\u00e9ge a megrendel\u0151nek, mert a mesterek t\u00falterheltek.&#8221; -mondta SZIR\u00c1KI ANDR\u00c1S eln\u00f6k, JNSZ Megyei Kereskedelmi \u00e9s Iparkamara.<br \/>Az id\u00e9n 25-en \u00e1llamilag finansz\u00edrozott k\u00e9pz\u00e9sen vettek r\u00e9szt, m\u00edg 22-en saj\u00e1t er\u0151forr\u00e1sb\u00f3l v\u00e1llalt\u00e1k a tanul\u00e1st.<br \/>\n<br \/>\n<div style=\"width: 640px;\" class=\"wp-video\"><!--[if lt IE 9]><script>document.createElement('video');<\/script><![endif]-->\n<video class=\"wp-video-shortcode\" id=\"video-10682-1\" width=\"640\" height=\"360\" preload=\"metadata\" controls=\"controls\"><source type=\"video\/mp4\" src=\"\/spots\/hir\/hir_181113_07.mp4?_=1\" \/><a href=\"\/spots\/hir\/hir_181113_07.mp4\">\/spots\/hir\/hir_181113_07.mp4<\/a><\/video><\/div><\/p>\n","protected":false},"excerpt":{"rendered":"<p>A gazdas\u00e1g n\u00f6veked\u00e9s\u00e9nek alapjait a j\u00f3 szakemberek, a kiv\u00e1l\u00f3 mesterek jelentik -mondta k\u00f6sz\u00f6nt\u0151j\u00e9ben Szir\u00e1ki Andr\u00e1s a Kereskedelmi \u00e9s Iparkamara megyei eln\u00f6ke. Megy\u00e9nk gazdas\u00e1gi teljes\u00edtm\u00e9ny\u00e9nek 68 sz\u00e1zal\u00e9k\u00e1t az ipar adja, alig 22 sz\u00e1zal\u00e9kot jelent a szolg\u00e1ltat\u00e1s. Ezen -a szolg\u00e1ltat\u00f3k jav\u00e1ra- v\u00e1ltoztatni kell -hangzott el. A Mesteravat\u00f3 \u00dcnneps\u00e9gen id\u00e9n 47-en mondt\u00e1k el esk\u00fcj\u00fcket.Villanyszerel\u0151k, fest\u0151-d\u00edsz\u00edt\u0151 \u00e9s m\u00e1zol\u00f3k, keresked\u0151k, [&hellip;]<\/p>\n","protected":false},"author":2,"featured_media":0,"comment_status":"closed","ping_status":"closed","sticky":false,"template":"","format":"standard","meta":[],"categories":[9],"tags":[],"_links":{"self":[{"href":"http:\/\/archiv.szolnoktv.hu\/index.php?rest_route=\/wp\/v2\/posts\/10682"}],"collection":[{"href":"http:\/\/archiv.szolnoktv.hu\/index.php?rest_route=\/wp\/v2\/posts"}],"about":[{"href":"http:\/\/archiv.szolnoktv.hu\/index.php?rest_route=\/wp\/v2\/types\/post"}],"author":[{"embeddable":true,"href":"http:\/\/archiv.szolnoktv.hu\/index.php?rest_route=\/wp\/v2\/users\/2"}],"replies":[{"embeddable":true,"href":"http:\/\/archiv.szolnoktv.hu\/index.php?rest_route=%2Fwp%2Fv2%2Fcomments&post=10682"}],"version-history":[{"count":1,"href":"http:\/\/archiv.szolnoktv.hu\/index.php?rest_route=\/wp\/v2\/posts\/10682\/revisions"}],"predecessor-version":[{"id":10773,"href":"http:\/\/archiv.szolnoktv.hu\/index.php?rest_route=\/wp\/v2\/posts\/10682\/revisions\/10773"}],"wp:attachment":[{"href":"http:\/\/archiv.szolnoktv.hu\/index.php?rest_route=%2Fwp%2Fv2%2Fmedia&parent=10682"}],"wp:term":[{"taxonomy":"category","embeddable":true,"href":"http:\/\/archiv.szolnoktv.hu\/index.php?rest_route=%2Fwp%2Fv2%2Fcategories&post=10682"},{"taxonomy":"post_tag","embeddable":true,"href":"http:\/\/archiv.szolnoktv.hu\/index.php?rest_route=%2Fwp%2Fv2%2Ftags&post=10682"}],"curies":[{"name":"wp","href":"https:\/\/api.w.org\/{rel}","templated":true}]}}