{"id":10675,"date":"2018-11-12T16:36:23","date_gmt":"2018-11-12T16:36:23","guid":{"rendered":"http:\/\/archiv.szolnoktv.hu\/?p=10675"},"modified":"2021-08-14T17:17:23","modified_gmt":"2021-08-14T17:17:23","slug":"uj-ruhatar-a-konyvtarban","status":"publish","type":"post","link":"http:\/\/archiv.szolnoktv.hu\/?p=10675","title":{"rendered":"\u00daj ruhat\u00e1r a k\u00f6nyvt\u00e1rban"},"content":{"rendered":"<div class='booster-block booster-read-block'><\/div><p> Enn\u00e9l akad kisebb szekr\u00e9ny is, \u00e9s term\u00e9szetesen akaszt\u00f3val v\u00e1llf\u00e1val felszerelt v\u00e1ltozatot is v\u00e1s\u00e1roltak. Az \u00faj ruhat\u00e1r p\u00e9nteken \u00e9rkezett meg, az \u00e1talak\u00edt\u00e1son eg\u00e9sz h\u00e9tv\u00e9g\u00e9n dolgoztak a szakemberek, hogy kedden m\u00e1r ezeket haszn\u00e1lhass\u00e1k az olvas\u00f3k. <\/p>\n<p>-M\u00e1r r\u00e9g\u00f3ta tervezz\u00fck, hogy \u00e1talak\u00edtjuk a ruhat\u00e1runkat, ennek egyik oka, hogy a r\u00e9gi berendez\u00e9s megkopott, fel\u00faj\u00edt\u00e1sra szorult \u00e9s \u00fagy gondoltuk, hogy a m\u00e1shol m\u00e1r nagyon elterjedt \u00f6nkiszolg\u00e1l\u00f3 ruhat\u00e1rat v\u00e1lasztjuk, teh\u00e1t majd az olvas\u00f3k \u00f6n\u00e1ll\u00f3an tudj\u00e1k betenni a kab\u00e1tjukat, t\u00e1sk\u00e1jukat.&#8221; -mondta  Czak\u00f3n\u00e9 Gacov Katalin, igazgat\u00f3<\/p>\n<p>\u00d6sszesen 90 szekr\u00e9ny \u00e1ll majd a l\u00e1togat\u00f3k rendelkez\u00e9s\u00e9re. Az \u00e1talak\u00edt\u00e1s ugyan k\u00f6lts\u00e9ges volt, \u00e1m gyorsan megt\u00e9r\u00fcl  &#8211;   fogalmazott az igazgat\u00f3. <\/p>\n<p>-A ruhat\u00e1r \u00e1talak\u00edt\u00e1sa k\u00e9t milli\u00f3 forint volt. Ez annyi mint k\u00e9t ruhat\u00e1ros egy \u00e9vi b\u00e9re, vagyis kevesebb mint a k\u00e9t ruhat\u00e1ros egy \u00e9vi b\u00e9re. \u00cdgy er\u0151forr\u00e1st takar\u00edtunk meg, a k\u00e9t koll\u00e9gan\u0151t jobban be tudjuk vonni a  szakmai munk\u00e1ba is. &#8211;<\/p>\n<p>A k\u00f6nyvt\u00e1rba nemcsak olvasni, vagy k\u00f6nyvet k\u00f6lcs\u00f6n\u00f6zni \u00e9rdemes bet\u00e9rni  &#8211;   folytatta Czak\u00f3n\u00e9 Gacov Katalin. Id\u00e9n \u0151szt\u0151l t\u00f6bb foglalkoz\u00e1ssorozatot ind\u00edtottak, a -Kreat\u00edv-lak&#8221; a k\u00e9zm\u0171veskedni kedvel\u0151ket, az -\u00d6KO-k\u00f6r&#8221; pedig azokat a l\u00e1togat\u00f3kat v\u00e1rja havi rendszeress\u00e9ggel, akiknek fontos a k\u00f6rnyezettudatos \u00e9letm\u00f3d. <\/p>\n<div style=\"width: 640px;\" class=\"wp-video\"><!--[if lt IE 9]><script>document.createElement('video');<\/script><![endif]-->\n<video class=\"wp-video-shortcode\" id=\"video-10675-1\" width=\"640\" height=\"360\" preload=\"metadata\" controls=\"controls\"><source type=\"video\/mp4\" src=\"\/spots\/hir\/hir_181112_05.mp4?_=1\" \/><a href=\"\/spots\/hir\/hir_181112_05.mp4\">\/spots\/hir\/hir_181112_05.mp4<\/a><\/video><\/div>\n","protected":false},"excerpt":{"rendered":"<p>Enn\u00e9l akad kisebb szekr\u00e9ny is, \u00e9s term\u00e9szetesen akaszt\u00f3val v\u00e1llf\u00e1val felszerelt v\u00e1ltozatot is v\u00e1s\u00e1roltak. Az \u00faj ruhat\u00e1r p\u00e9nteken \u00e9rkezett meg, az \u00e1talak\u00edt\u00e1son eg\u00e9sz h\u00e9tv\u00e9g\u00e9n dolgoztak a szakemberek, hogy kedden m\u00e1r ezeket haszn\u00e1lhass\u00e1k az olvas\u00f3k. -M\u00e1r r\u00e9g\u00f3ta tervezz\u00fck, hogy \u00e1talak\u00edtjuk a ruhat\u00e1runkat, ennek egyik oka, hogy a r\u00e9gi berendez\u00e9s megkopott, fel\u00faj\u00edt\u00e1sra szorult \u00e9s \u00fagy gondoltuk, hogy a [&hellip;]<\/p>\n","protected":false},"author":2,"featured_media":0,"comment_status":"closed","ping_status":"closed","sticky":false,"template":"","format":"standard","meta":[],"categories":[9],"tags":[],"_links":{"self":[{"href":"http:\/\/archiv.szolnoktv.hu\/index.php?rest_route=\/wp\/v2\/posts\/10675"}],"collection":[{"href":"http:\/\/archiv.szolnoktv.hu\/index.php?rest_route=\/wp\/v2\/posts"}],"about":[{"href":"http:\/\/archiv.szolnoktv.hu\/index.php?rest_route=\/wp\/v2\/types\/post"}],"author":[{"embeddable":true,"href":"http:\/\/archiv.szolnoktv.hu\/index.php?rest_route=\/wp\/v2\/users\/2"}],"replies":[{"embeddable":true,"href":"http:\/\/archiv.szolnoktv.hu\/index.php?rest_route=%2Fwp%2Fv2%2Fcomments&post=10675"}],"version-history":[{"count":1,"href":"http:\/\/archiv.szolnoktv.hu\/index.php?rest_route=\/wp\/v2\/posts\/10675\/revisions"}],"predecessor-version":[{"id":10780,"href":"http:\/\/archiv.szolnoktv.hu\/index.php?rest_route=\/wp\/v2\/posts\/10675\/revisions\/10780"}],"wp:attachment":[{"href":"http:\/\/archiv.szolnoktv.hu\/index.php?rest_route=%2Fwp%2Fv2%2Fmedia&parent=10675"}],"wp:term":[{"taxonomy":"category","embeddable":true,"href":"http:\/\/archiv.szolnoktv.hu\/index.php?rest_route=%2Fwp%2Fv2%2Fcategories&post=10675"},{"taxonomy":"post_tag","embeddable":true,"href":"http:\/\/archiv.szolnoktv.hu\/index.php?rest_route=%2Fwp%2Fv2%2Ftags&post=10675"}],"curies":[{"name":"wp","href":"https:\/\/api.w.org\/{rel}","templated":true}]}}