{"id":10674,"date":"2018-11-12T16:11:23","date_gmt":"2018-11-12T16:11:23","guid":{"rendered":"http:\/\/archiv.szolnoktv.hu\/?p=10674"},"modified":"2021-08-14T17:17:24","modified_gmt":"2021-08-14T17:17:24","slug":"afganisztanba-indulok-kibocsato-unnepsege","status":"publish","type":"post","link":"http:\/\/archiv.szolnoktv.hu\/?p=10674","title":{"rendered":"Afganiszt\u00e1nba indul\u00f3k kibocs\u00e1t\u00f3 \u00fcnneps\u00e9ge"},"content":{"rendered":"<div class='booster-block booster-read-block'><\/div><p>L\u00e9tsz\u00e1m\u00e1ban megfogyatkozva, de feladatrendszer\u00e9ben nem v\u00e1ltoztatva indul \u00fatj\u00e1ra a 30. \u00e9s egyben utols\u00f3 tan\u00e1csad\u00f3i csoport Afganiszt\u00e1nba. A magyar rep\u00fcl\u00e9sir\u00e1ny\u00edt\u00f3 katon\u00e1k az afg\u00e1n kontingens tagjait tan\u00edtj\u00e1k a helyes d\u00f6nt\u00e9sek meghozatal\u00e1ra a harci l\u00e9gt\u00e9rben.<\/p>\n<p>-Egy oktat\u00f3 els\u0151 pil\u00f3ta, berep\u00fcl\u0151 oktat\u00f3 els\u0151 pil\u00f3ta, egy berep\u00fcl\u0151 fed\u00e9lzeti technikus \u00e9s kett\u0151 m\u0171szaki. Elektronikai m\u0171szer \u00e9s oxig\u00e9n szakmai be\u00e1ll\u00edtotts\u00e1ggal \u00e9s, illetve egy s\u00e1rk\u00e1ny hajt\u00f3m\u0171ves szerel\u0151 megy ki m\u0171szaki r\u00e9szr\u0151l.&#8221; -nyilatkozta Dr. Balla Tibor alezredes, az MH 86. Szolnok Helikopterb\u00e1zis felder\u00edt\u0151 f\u0151n\u00f6ke.<\/p>\n<p>A november 16-\u00e1n \u00fatj\u00e1ra indul\u00f3 csoport 6 h\u00f3napot t\u00f6lt az orsz\u00e1gban \u00e9s ezzel lez\u00e1rja a kabuli l\u00e9gi-mentor\u00e1l\u00e1si feladatrendszert.<\/p>\n<p>-Folyamatosan vannak misszi\u00f3ink, ez csak egy a misszi\u00f3s feladataink k\u00f6z\u00fcl. Ezek mellett a Balk\u00e1non ott vagyunk, Cipruson ott vagyunk, k\u00fcl\u00f6nb\u00f6z\u0151 helyeken a vil\u00e1gban. Ez csak egy, ami most megsz\u0171nik \u00e9s a j\u00f6v\u0151ben, majd a politikai d\u00f6nt\u00e9snek megfelel\u0151en folytatjuk vagy \u00e1talak\u00edtjuk.&#8221; -nyilatkozta Dr. Bali Tam\u00e1s ezredes, az MH 86. Szolnok Helikopterb\u00e1zis parancsnokhelyettese.<\/p>\n<p>Az ezredes a b\u00facs\u00faztat\u00f3 \u00fcnneps\u00e9gen besz\u00e9d\u00e9ben hozz\u00e1 tette, hogy 2025-t\u0151l \u00faj t\u00edpus\u00fa misszi\u00f3s feladatok v\u00e1rnak majd a magyar katon\u00e1kra. Az utols\u00f3 mentorcsoport 2019. m\u00e1jus 31-\u00e9ig teljes\u00edt szolg\u00e1latot Afganiszt\u00e1nba.<\/p>\n<div style=\"width: 640px;\" class=\"wp-video\"><!--[if lt IE 9]><script>document.createElement('video');<\/script><![endif]-->\n<video class=\"wp-video-shortcode\" id=\"video-10674-1\" width=\"640\" height=\"360\" preload=\"metadata\" controls=\"controls\"><source type=\"video\/mp4\" src=\"\/spots\/hir\/hir_181112_04.mp4?_=1\" \/><a href=\"\/spots\/hir\/hir_181112_04.mp4\">\/spots\/hir\/hir_181112_04.mp4<\/a><\/video><\/div>\n","protected":false},"excerpt":{"rendered":"<p>L\u00e9tsz\u00e1m\u00e1ban megfogyatkozva, de feladatrendszer\u00e9ben nem v\u00e1ltoztatva indul \u00fatj\u00e1ra a 30. \u00e9s egyben utols\u00f3 tan\u00e1csad\u00f3i csoport Afganiszt\u00e1nba. A magyar rep\u00fcl\u00e9sir\u00e1ny\u00edt\u00f3 katon\u00e1k az afg\u00e1n kontingens tagjait tan\u00edtj\u00e1k a helyes d\u00f6nt\u00e9sek meghozatal\u00e1ra a harci l\u00e9gt\u00e9rben. -Egy oktat\u00f3 els\u0151 pil\u00f3ta, berep\u00fcl\u0151 oktat\u00f3 els\u0151 pil\u00f3ta, egy berep\u00fcl\u0151 fed\u00e9lzeti technikus \u00e9s kett\u0151 m\u0171szaki. Elektronikai m\u0171szer \u00e9s oxig\u00e9n szakmai be\u00e1ll\u00edtotts\u00e1ggal \u00e9s, illetve [&hellip;]<\/p>\n","protected":false},"author":2,"featured_media":0,"comment_status":"closed","ping_status":"closed","sticky":false,"template":"","format":"standard","meta":[],"categories":[9],"tags":[],"_links":{"self":[{"href":"http:\/\/archiv.szolnoktv.hu\/index.php?rest_route=\/wp\/v2\/posts\/10674"}],"collection":[{"href":"http:\/\/archiv.szolnoktv.hu\/index.php?rest_route=\/wp\/v2\/posts"}],"about":[{"href":"http:\/\/archiv.szolnoktv.hu\/index.php?rest_route=\/wp\/v2\/types\/post"}],"author":[{"embeddable":true,"href":"http:\/\/archiv.szolnoktv.hu\/index.php?rest_route=\/wp\/v2\/users\/2"}],"replies":[{"embeddable":true,"href":"http:\/\/archiv.szolnoktv.hu\/index.php?rest_route=%2Fwp%2Fv2%2Fcomments&post=10674"}],"version-history":[{"count":1,"href":"http:\/\/archiv.szolnoktv.hu\/index.php?rest_route=\/wp\/v2\/posts\/10674\/revisions"}],"predecessor-version":[{"id":10781,"href":"http:\/\/archiv.szolnoktv.hu\/index.php?rest_route=\/wp\/v2\/posts\/10674\/revisions\/10781"}],"wp:attachment":[{"href":"http:\/\/archiv.szolnoktv.hu\/index.php?rest_route=%2Fwp%2Fv2%2Fmedia&parent=10674"}],"wp:term":[{"taxonomy":"category","embeddable":true,"href":"http:\/\/archiv.szolnoktv.hu\/index.php?rest_route=%2Fwp%2Fv2%2Fcategories&post=10674"},{"taxonomy":"post_tag","embeddable":true,"href":"http:\/\/archiv.szolnoktv.hu\/index.php?rest_route=%2Fwp%2Fv2%2Ftags&post=10674"}],"curies":[{"name":"wp","href":"https:\/\/api.w.org\/{rel}","templated":true}]}}