{"id":10601,"date":"2018-11-08T15:54:55","date_gmt":"2018-11-08T15:54:55","guid":{"rendered":"http:\/\/archiv.szolnoktv.hu\/?p=10601"},"modified":"2021-08-14T17:00:43","modified_gmt":"2021-08-14T17:00:43","slug":"energy-school-oktatas","status":"publish","type":"post","link":"http:\/\/archiv.szolnoktv.hu\/?p=10601","title":{"rendered":"Energy School oktat\u00e1s"},"content":{"rendered":"<div class='booster-block booster-read-block'><\/div><p>Okosm\u00e9r\u0151 az \u00c9p\u00edt\u00e9szeti \u00e9s Faipari K\u00f6z\u00e9piskol\u00e1ban. Egy ilyen eszk\u00f6zzel t\u00f6bbf\u00e9le fogyaszt\u00e1st lehet m\u00e9rni \u00e9s r\u00f6gz\u00edteni.<\/p>\n<p>-Ki kell v\u00e1lasztani azt, hogy h\u0151mennyis\u00e9get, elektromos mennyis\u00e9get vagy v\u00edzfogyaszt\u00e1st m\u00e9r\u00fcnk.&#8221;  &#8211;   mondta Struba R\u00e9ka energetikai szak\u00e9rt\u0151.<\/p>\n<p>A fogyaszt\u00e1si adatok ez alapj\u00e1n vezethet\u0151k \u00e9s ki\u00e9rt\u00e9kelhet\u0151k. A vizsg\u00e1lat ut\u00e1n pedig k\u00f6nnyed\u00e9n megv\u00e1ltoztathat\u00f3 a fogyaszt\u00e1si szok\u00e1s, amivel jelent\u0151s energi\u00e1t lehet megsp\u00f3rolni. Ez csal\u00e1di h\u00e1zak, nagyobb lak\u00f3k\u00f6z\u00f6ss\u00e9gek eset\u00e9ben is haszn\u00e1lhat\u00f3. A szeml\u00e9letv\u00e1ltoztat\u00e1st pedig nem \u00e1rt kor\u00e1n elkezdeni.<\/p>\n<p>-Mindannyiunk dolga az energiatudatos \u00e9let \u00e9s ez a koroszt\u00e1ly m\u00e1r van olyan \u00e9rett, hogy meg\u00e9ri \u00e9s \u00e1tl\u00e1tja a l\u00e9nyeg\u00e9t, az el\u0151nyeit az ilyen t\u00edpus\u00fa eszk\u00f6z\u00f6knek, m\u0171k\u00f6d\u00e9s\u00fcnknek \u00e9s az erre \u00e9p\u00fcl\u0151 szolg\u00e1ltat\u00e1sok el\u0151nyeire.&#8221;  &#8211;   mondta Dr. Uzonyi Zolt\u00e1n \u00fcgyvezet\u0151, Ista Magyarorsz\u00e1g.<\/p>\n<p>A di\u00e1kok, akik az Energy School projekten bel\u00fcl junior energia\u0151r\u00f6kk\u00e9 is v\u00e1llnak tiszt\u00e1ban vannak a t\u00e9ma fontoss\u00e1g\u00e1val. T\u00f6bb oktat\u00e1son is r\u00e9szt vettek m\u00e1r, ami ut\u00e1n kezdik megv\u00e1ltoztatni \u00e9letm\u00f3djukat.<\/p>\n<p>-Iskol\u00e1ban PET palack gy\u0171jt\u00e9s, meg otthon is van szelekt\u00edv szemetes\u00fcnk, \u00fagyhogy valamit tudunk tenni a k\u00f6rnyezetv\u00e9delem\u00e9rt.&#8221;  &#8211;   mondta Kov\u00e1cs Karina.<\/p>\n<p>-K\u00f6rnyezet-tudatosak vagyunk \u00e9s fontosnak tartjuk ezt. \u00dajra hasznos\u00edtunk \u00e9s egyre t\u00f6bb meg\u00fajul\u00f3 energiaforr\u00e1st haszn\u00e1lunk.&#8221;  &#8211;   mondta Demeter Mih\u00e1ly.<\/p>\n<p>Az oktat\u00e1son j\u00e1t\u00e9kos form\u00e1ban is tanulhattak az energi\u00e1r\u00f3l, a k\u00f6rnyezeti hat\u00e1sokr\u00f3l  &#8211;   az el\u0151ad\u00f3k tot\u00f3val \u00e9s aj\u00e1nd\u00e9kokkal k\u00e9sz\u00fcltek.<\/p>\n<div style=\"width: 640px;\" class=\"wp-video\"><!--[if lt IE 9]><script>document.createElement('video');<\/script><![endif]-->\n<video class=\"wp-video-shortcode\" id=\"video-10601-1\" width=\"640\" height=\"360\" preload=\"metadata\" controls=\"controls\"><source type=\"video\/mp4\" src=\"\/spots\/hir\/hir_181108_05.mp4?_=1\" \/><a href=\"\/spots\/hir\/hir_181108_05.mp4\">\/spots\/hir\/hir_181108_05.mp4<\/a><\/video><\/div>\n","protected":false},"excerpt":{"rendered":"<p>Okosm\u00e9r\u0151 az \u00c9p\u00edt\u00e9szeti \u00e9s Faipari K\u00f6z\u00e9piskol\u00e1ban. Egy ilyen eszk\u00f6zzel t\u00f6bbf\u00e9le fogyaszt\u00e1st lehet m\u00e9rni \u00e9s r\u00f6gz\u00edteni. -Ki kell v\u00e1lasztani azt, hogy h\u0151mennyis\u00e9get, elektromos mennyis\u00e9get vagy v\u00edzfogyaszt\u00e1st m\u00e9r\u00fcnk.&#8221; &#8211; mondta Struba R\u00e9ka energetikai szak\u00e9rt\u0151. A fogyaszt\u00e1si adatok ez alapj\u00e1n vezethet\u0151k \u00e9s ki\u00e9rt\u00e9kelhet\u0151k. A vizsg\u00e1lat ut\u00e1n pedig k\u00f6nnyed\u00e9n megv\u00e1ltoztathat\u00f3 a fogyaszt\u00e1si szok\u00e1s, amivel jelent\u0151s energi\u00e1t lehet megsp\u00f3rolni. Ez [&hellip;]<\/p>\n","protected":false},"author":2,"featured_media":0,"comment_status":"closed","ping_status":"closed","sticky":false,"template":"","format":"standard","meta":[],"categories":[9],"tags":[],"_links":{"self":[{"href":"http:\/\/archiv.szolnoktv.hu\/index.php?rest_route=\/wp\/v2\/posts\/10601"}],"collection":[{"href":"http:\/\/archiv.szolnoktv.hu\/index.php?rest_route=\/wp\/v2\/posts"}],"about":[{"href":"http:\/\/archiv.szolnoktv.hu\/index.php?rest_route=\/wp\/v2\/types\/post"}],"author":[{"embeddable":true,"href":"http:\/\/archiv.szolnoktv.hu\/index.php?rest_route=\/wp\/v2\/users\/2"}],"replies":[{"embeddable":true,"href":"http:\/\/archiv.szolnoktv.hu\/index.php?rest_route=%2Fwp%2Fv2%2Fcomments&post=10601"}],"version-history":[{"count":1,"href":"http:\/\/archiv.szolnoktv.hu\/index.php?rest_route=\/wp\/v2\/posts\/10601\/revisions"}],"predecessor-version":[{"id":10614,"href":"http:\/\/archiv.szolnoktv.hu\/index.php?rest_route=\/wp\/v2\/posts\/10601\/revisions\/10614"}],"wp:attachment":[{"href":"http:\/\/archiv.szolnoktv.hu\/index.php?rest_route=%2Fwp%2Fv2%2Fmedia&parent=10601"}],"wp:term":[{"taxonomy":"category","embeddable":true,"href":"http:\/\/archiv.szolnoktv.hu\/index.php?rest_route=%2Fwp%2Fv2%2Fcategories&post=10601"},{"taxonomy":"post_tag","embeddable":true,"href":"http:\/\/archiv.szolnoktv.hu\/index.php?rest_route=%2Fwp%2Fv2%2Ftags&post=10601"}],"curies":[{"name":"wp","href":"https:\/\/api.w.org\/{rel}","templated":true}]}}