{"id":10596,"date":"2018-11-07T19:26:50","date_gmt":"2018-11-07T19:26:50","guid":{"rendered":"http:\/\/archiv.szolnoktv.hu\/?p=10596"},"modified":"2021-08-14T17:00:44","modified_gmt":"2021-08-14T17:00:44","slug":"koltain-robert-a-vonat-nem-var","status":"publish","type":"post","link":"http:\/\/archiv.szolnoktv.hu\/?p=10596","title":{"rendered":"Koltain R\u00f3bert- A vonat nem v\u00e1r"},"content":{"rendered":"<div class='booster-block booster-read-block'><\/div><p>Telt h\u00e1zas k\u00f6z\u00f6ns\u00e9g v\u00e1rta Koltai R\u00f3bertet \u00f6n\u00e1ll\u00f3 estj\u00e9n. A J\u00e1szai Mari-d\u00edjas sz\u00ednm\u0171v\u00e9sz \u00e9let\u00e9ben kiemelt szerepet t\u00f6ltenek be a sz\u00f3l\u00f3 fell\u00e9p\u00e9sek. El\u0151ad\u00e1saival orsz\u00e1gszerte nevetteti meg k\u00f6z\u00f6ns\u00e9g\u00e9t, akik ugyanazt a t\u00e9m\u00e1t k\u00e9tszer soha nem hallhatj\u00e1k. A szolnoki fell\u00e9p\u00e9st egy v\u00e1rosunkban szerzett \u00e9lm\u00e9ny ihlette.<\/p>\n<p>-A Tisza Sz\u00e1ll\u00f3 el\u0151csarnok\u00e1ban r\u00e1m z\u00fadult olyan 150  &#8211;  f\u0151leg- h\u00f6lgy, akik m\u00e1r d\u00e9lut\u00e1n h\u00e9t \u00f3ta hangulatban is voltak \u00e9s \u00e9nekeltek, zakatol\u00f3 vonatk\u00e9nt mentek \u00e9s azt \u00e9nekelt\u00e9k, hogy -A vonat nem v\u00e1r k\u00e9s\u0151 m\u00e1r&#8221;. Miel\u0151tt feltudtam volna ocs\u00fadni egy h\u00f6lgyekb\u0151l \u00e1ll\u00f3 t\u00f6meg r\u00e1m z\u00fadult \u00e9s kezemmel a nejlon szatyorral mentem is ut\u00e1nuk, els\u00f6p\u00f6rtek.&#8221;- mondta Koltai R\u00f3bert.<\/p>\n<p>Koltai R\u00f3bertet napjainkban is a r\u00e1di\u00f3 kabar\u00e9b\u00f3l ismert illet\u00e9kes elvt\u00e1rssal azonos\u00edtj\u00e1k. A kabar\u00e9 m\u0171faja 1981 \u00f3ta r\u00e9sze a sz\u00ednm\u0171v\u00e9sz \u00e9let\u00e9nek, amit a mai napig sz\u00edvesen alkalmaz estjein.<\/p>\n<p>-Fejl\u0151d\u00f6tt, v\u00e1ltozott. 25 \u00e9vig voltam illet\u00e9kes elvt\u00e1rs, azt\u00e1n voltam illet\u00e9kes \u00far, \u00fart\u00e1rs minden voltam, nem elvt\u00e1rs, hanem \u00fart\u00e1rs. Tulajdonk\u00e9ppen a kabar\u00e9 sz\u00e1momra egy szabad m\u0171faj. Nekem belef\u00e9r egy sz\u00e9p J\u00f3zsef Attila vers is ha olyan.&#8221;- tette hozz\u00e1 Koltai R\u00f3bert. <\/p>\n<p>A Hozam Klubban 1997 \u00f3ta rendeznek \u00d5szi Fesztiv\u00e1lt. A programsorozat keret\u00e9ben legk\u00f6zelebb november 21-\u00e9n Szolnoki P\u00e9ter estj\u00e9vel v\u00e1rj\u00e1k a kult\u00fara szerelmeseit.<br \/>\n<br \/>\n<div style=\"width: 640px;\" class=\"wp-video\"><!--[if lt IE 9]><script>document.createElement('video');<\/script><![endif]-->\n<video class=\"wp-video-shortcode\" id=\"video-10596-1\" width=\"640\" height=\"360\" preload=\"metadata\" controls=\"controls\"><source type=\"video\/mp4\" src=\"\/spots\/hir\/hir_181107_04.mp4?_=1\" \/><a href=\"\/spots\/hir\/hir_181107_04.mp4\">\/spots\/hir\/hir_181107_04.mp4<\/a><\/video><\/div><\/p>\n","protected":false},"excerpt":{"rendered":"<p>Telt h\u00e1zas k\u00f6z\u00f6ns\u00e9g v\u00e1rta Koltai R\u00f3bertet \u00f6n\u00e1ll\u00f3 estj\u00e9n. A J\u00e1szai Mari-d\u00edjas sz\u00ednm\u0171v\u00e9sz \u00e9let\u00e9ben kiemelt szerepet t\u00f6ltenek be a sz\u00f3l\u00f3 fell\u00e9p\u00e9sek. El\u0151ad\u00e1saival orsz\u00e1gszerte nevetteti meg k\u00f6z\u00f6ns\u00e9g\u00e9t, akik ugyanazt a t\u00e9m\u00e1t k\u00e9tszer soha nem hallhatj\u00e1k. A szolnoki fell\u00e9p\u00e9st egy v\u00e1rosunkban szerzett \u00e9lm\u00e9ny ihlette. -A Tisza Sz\u00e1ll\u00f3 el\u0151csarnok\u00e1ban r\u00e1m z\u00fadult olyan 150 &#8211; f\u0151leg- h\u00f6lgy, akik m\u00e1r d\u00e9lut\u00e1n [&hellip;]<\/p>\n","protected":false},"author":2,"featured_media":0,"comment_status":"closed","ping_status":"closed","sticky":false,"template":"","format":"standard","meta":[],"categories":[9],"tags":[],"_links":{"self":[{"href":"http:\/\/archiv.szolnoktv.hu\/index.php?rest_route=\/wp\/v2\/posts\/10596"}],"collection":[{"href":"http:\/\/archiv.szolnoktv.hu\/index.php?rest_route=\/wp\/v2\/posts"}],"about":[{"href":"http:\/\/archiv.szolnoktv.hu\/index.php?rest_route=\/wp\/v2\/types\/post"}],"author":[{"embeddable":true,"href":"http:\/\/archiv.szolnoktv.hu\/index.php?rest_route=\/wp\/v2\/users\/2"}],"replies":[{"embeddable":true,"href":"http:\/\/archiv.szolnoktv.hu\/index.php?rest_route=%2Fwp%2Fv2%2Fcomments&post=10596"}],"version-history":[{"count":1,"href":"http:\/\/archiv.szolnoktv.hu\/index.php?rest_route=\/wp\/v2\/posts\/10596\/revisions"}],"predecessor-version":[{"id":10619,"href":"http:\/\/archiv.szolnoktv.hu\/index.php?rest_route=\/wp\/v2\/posts\/10596\/revisions\/10619"}],"wp:attachment":[{"href":"http:\/\/archiv.szolnoktv.hu\/index.php?rest_route=%2Fwp%2Fv2%2Fmedia&parent=10596"}],"wp:term":[{"taxonomy":"category","embeddable":true,"href":"http:\/\/archiv.szolnoktv.hu\/index.php?rest_route=%2Fwp%2Fv2%2Fcategories&post=10596"},{"taxonomy":"post_tag","embeddable":true,"href":"http:\/\/archiv.szolnoktv.hu\/index.php?rest_route=%2Fwp%2Fv2%2Ftags&post=10596"}],"curies":[{"name":"wp","href":"https:\/\/api.w.org\/{rel}","templated":true}]}}