{"id":10594,"date":"2018-11-07T16:03:44","date_gmt":"2018-11-07T16:03:44","guid":{"rendered":"http:\/\/archiv.szolnoktv.hu\/?p=10594"},"modified":"2021-08-14T17:00:44","modified_gmt":"2021-08-14T17:00:44","slug":"ragados-a-szolnoki-pelda","status":"publish","type":"post","link":"http:\/\/archiv.szolnoktv.hu\/?p=10594","title":{"rendered":"Ragad\u00f3s a szolnoki p\u00e9lda"},"content":{"rendered":"<div class='booster-block booster-read-block'><\/div><p>Egy \u00f3ri\u00e1s sz\u00edv\u00f3berendez\u00e9ssel t\u00e1pl\u00e1lj\u00e1k a brikett\u00e1l\u00f3 berendez\u00e9st a &#8220;Munkalehet\u0151s\u00e9g a J\u00f6v\u0151\u00e9rt&#8221; Szolnok Nonprofit \u00e9s K\u00f6zhaszn\u00fa Kft. J\u00f3sika \u00fati telephely\u00e9n. Az alapanyagot a z\u00f6ldter\u00fcleti munk\u00e1k sor\u00e1n visszamarad\u00f3 gallyak szolg\u00e1ltatj\u00e1k- megfelel\u0151 el\u0151k\u00e9sz\u00edt\u00e9s ut\u00e1n.  A zs\u00e1kokba 15 kil\u00f3nyi fabrikett ker\u00fcl, ami azonnal felhaszn\u00e1lhat\u00f3 tiszta t\u00fczel\u0151anyag. Ez pedig m\u00e1r a Kft. Kiss J\u00e1nos \u00fati telephelye, ahov\u00e1 a v\u00e1rosb\u00f3l- p\u00e9ld\u00e1ul a T\u00fcd\u0151k\u00f3rh\u00e1z parkj\u00e1b\u00f3l letermelt nyesed\u00e9k ker\u00fcl.<\/p>\n<p>&#8220;Itt mindenf\u00e9le vegyes anyag van aminek a v\u00e9ge az majd brikett, hiszen ez p\u00e9ld\u00e1ul a v\u00e1ros egy\u00e9b ter\u00fcleteir\u0151l, k\u00f6zter\u00fcleteir\u0151l \u00e9s ingatlanair\u00f3l be\u00e9rkezett dar\u00e1l\u00e9k ami majd m\u00e9g apr\u00edt\u00e1sra szorul \u00e9s m\u00e1r r\u00f6nkf\u00e1k szint\u00e9n a v\u00e1rosi ter\u00fcletekr\u0151l- azokat daraboljuk, has\u00edtjuk \u00e9s ebb\u0151l mind t\u00fczel\u0151anyag lesz.&#8221;- mondja Fodor Gy\u00f6rgy a &#8220;Munkalehet\u0151s\u00e9g a J\u00f6v\u0151\u00e9rt&#8221; Szolnok Nonprofit \u00e9s K\u00f6zhaszn\u00fa Kft. \u00fcgyvezet\u0151- igazgat\u00f3ja.<\/p>\n<p>Tavaly \u00f3ta tartja vissza az \u00f6nkorm\u00e1nyzat a kor\u00e1bban hullad\u00e9kk\u00e9nt kezelt alapanyagot. Az \u00edgy hasznosul\u00f3 fa mennyis\u00e9ge a k\u00e9pek tanuls\u00e1ga szerint is jelent\u0151s.<\/p>\n<p>&#8220;Olyan jelent\u0151s, hogy m\u00e1r az id\u00e9n csak nagyon kis mennyis\u00e9gben- a t\u00fczel\u0151anyag seg\u00e9ly mintegy 30%- \u00e1t kellett csak v\u00e1s\u00e1rolt f\u00e1val biztos\u00edtani, a t\u00f6bbi az \u00e1ltalunk el\u0151\u00e1ll\u00edtott fabrikettb\u0151l ker\u00fclt ki, illetve a v\u00e1ros k\u00f6zter\u00fcleteir\u0151l besz\u00e1ll\u00edtott faanyagb\u00f3l hasogat\u00e1s ut\u00e1n.&#8221; <\/p>\n<p>A telephelyen nem r\u00e9g \u00faj\u00edtott\u00e1k fel a fat\u00e1rol\u00f3 sz\u00ednt, ami a t\u00fczel\u0151anyag min\u0151s\u00e9gveszt\u00e9s\u00e9t akad\u00e1lyozza meg.<\/p>\n<p>&#8220;A gallyakat nem tudjuk t\u00e1rolni, de a r\u00f6nkf\u00e1t igen \u00e9s nyilv\u00e1nval\u00f3an a felhas\u00edtott f\u00e1t nyilv\u00e1n m\u00e1r \u00fagy t\u00e1roljuk, hogy kisz\u00e1ll\u00edt\u00e1skor k\u00f6nny\u0171 dolgunk legyen.&#8221;<\/p>\n<p>A szolnoki p\u00e9lda ragad\u00f3s. T\u00f6bb hazai \u00f6nkorm\u00e1nyzat is fontolgatja a z\u00f6ldhullad\u00e9k felhaszn\u00e1l\u00e1s\u00e1t. Cs\u00fct\u00f6rt\u00f6k\u00f6n p\u00e9ld\u00e1ul a  Borsod-Aba\u00faj-Zempl\u00e9n megyei Hangonyb\u00f3l \u00e9rkeznek vend\u00e9gek, hogy megn\u00e9zz\u00e9k m\u0171k\u00f6d\u00e9s k\u00f6zben a brikett\u00e1l\u00f3 berendez\u00e9st.<br \/>\n<br \/>\n<div style=\"width: 640px;\" class=\"wp-video\"><!--[if lt IE 9]><script>document.createElement('video');<\/script><![endif]-->\n<video class=\"wp-video-shortcode\" id=\"video-10594-1\" width=\"640\" height=\"360\" preload=\"metadata\" controls=\"controls\"><source type=\"video\/mp4\" src=\"\/spots\/hir\/hir_181107_02.mp4?_=1\" \/><a href=\"\/spots\/hir\/hir_181107_02.mp4\">\/spots\/hir\/hir_181107_02.mp4<\/a><\/video><\/div><\/p>\n","protected":false},"excerpt":{"rendered":"<p>Egy \u00f3ri\u00e1s sz\u00edv\u00f3berendez\u00e9ssel t\u00e1pl\u00e1lj\u00e1k a brikett\u00e1l\u00f3 berendez\u00e9st a &#8220;Munkalehet\u0151s\u00e9g a J\u00f6v\u0151\u00e9rt&#8221; Szolnok Nonprofit \u00e9s K\u00f6zhaszn\u00fa Kft. J\u00f3sika \u00fati telephely\u00e9n. Az alapanyagot a z\u00f6ldter\u00fcleti munk\u00e1k sor\u00e1n visszamarad\u00f3 gallyak szolg\u00e1ltatj\u00e1k- megfelel\u0151 el\u0151k\u00e9sz\u00edt\u00e9s ut\u00e1n. A zs\u00e1kokba 15 kil\u00f3nyi fabrikett ker\u00fcl, ami azonnal felhaszn\u00e1lhat\u00f3 tiszta t\u00fczel\u0151anyag. Ez pedig m\u00e1r a Kft. Kiss J\u00e1nos \u00fati telephelye, ahov\u00e1 a v\u00e1rosb\u00f3l- p\u00e9ld\u00e1ul [&hellip;]<\/p>\n","protected":false},"author":2,"featured_media":0,"comment_status":"closed","ping_status":"closed","sticky":false,"template":"","format":"standard","meta":[],"categories":[9],"tags":[],"_links":{"self":[{"href":"http:\/\/archiv.szolnoktv.hu\/index.php?rest_route=\/wp\/v2\/posts\/10594"}],"collection":[{"href":"http:\/\/archiv.szolnoktv.hu\/index.php?rest_route=\/wp\/v2\/posts"}],"about":[{"href":"http:\/\/archiv.szolnoktv.hu\/index.php?rest_route=\/wp\/v2\/types\/post"}],"author":[{"embeddable":true,"href":"http:\/\/archiv.szolnoktv.hu\/index.php?rest_route=\/wp\/v2\/users\/2"}],"replies":[{"embeddable":true,"href":"http:\/\/archiv.szolnoktv.hu\/index.php?rest_route=%2Fwp%2Fv2%2Fcomments&post=10594"}],"version-history":[{"count":1,"href":"http:\/\/archiv.szolnoktv.hu\/index.php?rest_route=\/wp\/v2\/posts\/10594\/revisions"}],"predecessor-version":[{"id":10621,"href":"http:\/\/archiv.szolnoktv.hu\/index.php?rest_route=\/wp\/v2\/posts\/10594\/revisions\/10621"}],"wp:attachment":[{"href":"http:\/\/archiv.szolnoktv.hu\/index.php?rest_route=%2Fwp%2Fv2%2Fmedia&parent=10594"}],"wp:term":[{"taxonomy":"category","embeddable":true,"href":"http:\/\/archiv.szolnoktv.hu\/index.php?rest_route=%2Fwp%2Fv2%2Fcategories&post=10594"},{"taxonomy":"post_tag","embeddable":true,"href":"http:\/\/archiv.szolnoktv.hu\/index.php?rest_route=%2Fwp%2Fv2%2Ftags&post=10594"}],"curies":[{"name":"wp","href":"https:\/\/api.w.org\/{rel}","templated":true}]}}