{"id":10581,"date":"2018-11-05T13:41:02","date_gmt":"2018-11-05T13:41:02","guid":{"rendered":"http:\/\/archiv.szolnoktv.hu\/?p=10581"},"modified":"2021-08-14T17:00:46","modified_gmt":"2021-08-14T17:00:46","slug":"megemlekezes-az-otvenhatosok-emlekparkjaban","status":"publish","type":"post","link":"http:\/\/archiv.szolnoktv.hu\/?p=10581","title":{"rendered":"Megeml\u00e9kez\u00e9s az \u00d6tvenhatosok Eml\u00e9kparkj\u00e1ban"},"content":{"rendered":"<div class='booster-block booster-read-block'><\/div><p> A Sz\u00e9chenyi Istv\u00e1n Gimn\u00e1zium di\u00e1kj\u00e1nak szavalata nyitotta meg a tegnap esti megeml\u00e9kez\u00e9st. Ezt k\u00f6vet\u0151en az \u00d6kumenikus Lelk\u00e9szk\u00f6r nev\u00e9ben M\u00e1th\u00e9 Gy\u00f6rgy k\u00f6sz\u00f6nt\u00f6tte az eml\u00e9kez\u0151ket. Az esperes, pl\u00e9b\u00e1nos saj\u00e1t szem\u00e9lyes \u00e9lm\u00e9ny\u00e9n kereszt\u00fcl osztotta meg \u00e9rz\u00e9seit \u00e9s gondolatait 1956-al kapcsolatban. Gyermekkor\u00e1t G\u00f6d\u00f6ll\u0151n t\u00f6lt\u00f6tte, mind\u00f6ssze 5 \u00e9s f\u00e9l \u00e9ves volt, azt azonban \u00e9rezte, hogy van valami a leveg\u0151ben  &#8211;   fogalmazott M\u00e1th\u00e9 Gy\u00f6rgy. <\/p>\n<p>&#8211; Az amit \u00e9n l\u00e1tok sokszor az 56-os filmekben, hogy egy r\u00e1di\u00f3t embert\u00f6meg, f\u0151k\u00e9nt f\u00e9rfiak k\u00f6rbe\u00e1llnak, olyan megd\u00f6bbent szemekkel, \u00f3ri\u00e1si figyelemmel, ezt \u00e9n a saj\u00e1t h\u00e1zam udvar\u00e1ban \u00e1t\u00e9ltem gyerekk\u00e9nt, mert t\u00e9nyleg \u00edgy volt. &#8211;<\/p>\n<p>Inform\u00e1ci\u00f3t csak a r\u00e1di\u00f3b\u00f3l tudhattak meg  &#8211;   folytatta az esperes. Az utcabeliek felajzott l\u00e9lekkel j\u00e1rk\u00e1ltak fel al\u00e1 \u00e9s tal\u00e1lgattak: vajon mi t\u00f6rt\u00e9nhet Pesten. &#8211; tette hozz\u00e1. Majd elj\u00f6tt november 4-e \u00e9s nem volt t\u00f6bb k\u00e9rd\u00e9s a g\u00f6d\u00f6ll\u0151i polg\u00e1rokban sem. Szovjet harckocsik lept\u00e9k el a telep\u00fcl\u00e9st. <\/p>\n<p>-Meg\u00e1llt egy egy harckocsi, a cs\u00f6vet r\u00e1ir\u00e1ny\u00edtotta a h\u00e1zra, hozz\u00e1nk 5 szovjet katona \u00e9rkezett. Egy felt\u0171n\u0151en intelligens orosz \u00e9s n\u00e9gy mongolk\u00e9p\u0171, fiatalok, fegyverekkel, mindent kutattak. Mi term\u00e9szetesen az \u00f6cs\u00e9mmel kint voltunk az ablakban, de any\u00e1m azonnal ler\u00e1ntott minket, mert a helyzet nagyon vesz\u00e9lyes volt. &#8211;<\/p>\n<p> 1991 j\u00falius 19.- \u00e9n 15 \u00f3ra 1 perckor elhagyta el Magyarorsz\u00e1g ter\u00fclet\u00e9t az utols\u00f3 szovjet katona. Ezzel ugyan v\u00e9get \u00e9rt egy korszak, \u00e1m soha nem szabad elfelejteni a forradalom \u00e9s szabads\u00e1gharc \u00e1ldozatait &#8211;  hangs\u00falyozta M\u00e1th\u00e9 Gy\u00f6rgy. Az<br \/>\n<br \/>\n<div style=\"width: 640px;\" class=\"wp-video\"><!--[if lt IE 9]><script>document.createElement('video');<\/script><![endif]-->\n<video class=\"wp-video-shortcode\" id=\"video-10581-1\" width=\"640\" height=\"360\" preload=\"metadata\" controls=\"controls\"><source type=\"video\/mp4\" src=\"\/spots\/hir\/hir_181105_01.mp4?_=1\" \/><a href=\"\/spots\/hir\/hir_181105_01.mp4\">\/spots\/hir\/hir_181105_01.mp4<\/a><\/video><\/div><\/p>\n","protected":false},"excerpt":{"rendered":"<p>A Sz\u00e9chenyi Istv\u00e1n Gimn\u00e1zium di\u00e1kj\u00e1nak szavalata nyitotta meg a tegnap esti megeml\u00e9kez\u00e9st. Ezt k\u00f6vet\u0151en az \u00d6kumenikus Lelk\u00e9szk\u00f6r nev\u00e9ben M\u00e1th\u00e9 Gy\u00f6rgy k\u00f6sz\u00f6nt\u00f6tte az eml\u00e9kez\u0151ket. Az esperes, pl\u00e9b\u00e1nos saj\u00e1t szem\u00e9lyes \u00e9lm\u00e9ny\u00e9n kereszt\u00fcl osztotta meg \u00e9rz\u00e9seit \u00e9s gondolatait 1956-al kapcsolatban. Gyermekkor\u00e1t G\u00f6d\u00f6ll\u0151n t\u00f6lt\u00f6tte, mind\u00f6ssze 5 \u00e9s f\u00e9l \u00e9ves volt, azt azonban \u00e9rezte, hogy van valami a leveg\u0151ben &#8211; [&hellip;]<\/p>\n","protected":false},"author":2,"featured_media":0,"comment_status":"closed","ping_status":"closed","sticky":false,"template":"","format":"standard","meta":[],"categories":[9],"tags":[],"_links":{"self":[{"href":"http:\/\/archiv.szolnoktv.hu\/index.php?rest_route=\/wp\/v2\/posts\/10581"}],"collection":[{"href":"http:\/\/archiv.szolnoktv.hu\/index.php?rest_route=\/wp\/v2\/posts"}],"about":[{"href":"http:\/\/archiv.szolnoktv.hu\/index.php?rest_route=\/wp\/v2\/types\/post"}],"author":[{"embeddable":true,"href":"http:\/\/archiv.szolnoktv.hu\/index.php?rest_route=\/wp\/v2\/users\/2"}],"replies":[{"embeddable":true,"href":"http:\/\/archiv.szolnoktv.hu\/index.php?rest_route=%2Fwp%2Fv2%2Fcomments&post=10581"}],"version-history":[{"count":1,"href":"http:\/\/archiv.szolnoktv.hu\/index.php?rest_route=\/wp\/v2\/posts\/10581\/revisions"}],"predecessor-version":[{"id":10634,"href":"http:\/\/archiv.szolnoktv.hu\/index.php?rest_route=\/wp\/v2\/posts\/10581\/revisions\/10634"}],"wp:attachment":[{"href":"http:\/\/archiv.szolnoktv.hu\/index.php?rest_route=%2Fwp%2Fv2%2Fmedia&parent=10581"}],"wp:term":[{"taxonomy":"category","embeddable":true,"href":"http:\/\/archiv.szolnoktv.hu\/index.php?rest_route=%2Fwp%2Fv2%2Fcategories&post=10581"},{"taxonomy":"post_tag","embeddable":true,"href":"http:\/\/archiv.szolnoktv.hu\/index.php?rest_route=%2Fwp%2Fv2%2Ftags&post=10581"}],"curies":[{"name":"wp","href":"https:\/\/api.w.org\/{rel}","templated":true}]}}